{"id":494216,"date":"2023-11-18T21:02:05","date_gmt":"2023-11-18T13:02:05","guid":{"rendered":"https:\/\/whitemarblegranite.com\/?p=494216"},"modified":"2026-04-06T23:09:05","modified_gmt":"2026-04-06T15:09:05","slug":"what-is-bianco-carrara-marble","status":"publish","type":"post","link":"https:\/\/whitemarblegranite.com\/hu\/what-is-bianco-carrara-marble\/","title":{"rendered":"Mi a Bianco Carrara m\u00e1rv\u00e1ny"},"content":{"rendered":"<h3 style=\"text-align: center;\"><span style=\"font-size: 18pt; color: #000000;\"><strong><span style=\"font-family: arial, helvetica, sans-serif;\">St\u00edlusos \u00e9s klasszikus olasz feh\u00e9r m\u00e1rv\u00e1ny \u2013 Bianco Carrara | Esta Stone<\/span><\/strong><\/span><\/h3>\n<p><span style=\"font-family: arial, helvetica, sans-serif; font-size: 14pt; color: #000000;\">Azt javasoljuk, hogy haszn\u00e1lja<strong><a href=\"https:\/\/whitemarblegranite.com\/hu\/product\/white-carrara-marble-2\/\"> Feh\u00e9r Carrara m\u00e1rv\u00e1ny<\/a><\/strong> ha tervezi, hogy fokozza ingatlan\u00e1nak vagy ipari \u00e9p\u00fclete bels\u0151 padl\u00f3burkolat\u00e1t, v\u00e1laszfalait, l\u00e9pcs\u0151it vagy oszlopait. Kifinomults\u00e1ga, energi\u00e1ja \u00e9s szil\u00e1rds\u00e1ga miatt h\u00edres v\u00e1gya a h\u00e1ztulajdonosok \u00e9s a bels\u0151\u00e9p\u00edt\u00e9szek k\u00f6r\u00e9ben.<\/span><\/p>\n<p><span style=\"font-family: arial, helvetica, sans-serif; font-size: 14pt; color: #000000;\">A feh\u00e9r carrara m\u00e1rv\u00e1ny sokf\u00e9le alternat\u00edv\u00e1val \u00e9s v\u00e1ltozattal rendelkezik, \u00e9s a Bianco Carrara (feh\u00e9r m\u00e1rv\u00e1ny) az egyik legkedveltebb v\u00e1laszt\u00e1s. Pisztr\u00e1ng feh\u00e9rs\u00e9ge \u00e9s opulenci\u00e1ja izgalmas.<\/span><\/p>\n<p><span style=\"font-family: arial, helvetica, sans-serif; font-size: 14pt; color: #000000;\">Teh\u00e1t mi is teszi ezt olyan n\u00e9pszer\u0171v\u00e9? Szeretn\u00e9nk alaposabban megvizsg\u00e1lni ezt a tart\u00f3s \u00e9s leny\u0171g\u00f6z\u0151 olasz k\u00f6vet, \u00e9s felfedezni, hogyan alakult ki \u00e9s milyen technikai jellemz\u0151i vannak, majd pedig n\u00e9h\u00e1ny a sz\u00e1mtalan meglep\u0151 \u00e9s forradalmi m\u00f3dszer k\u00f6z\u00fcl, amelyekkel egy kis olasz sz\u00e9ps\u00e9g ker\u00fclhet a mindennapi \u00e9letbe. \u00cdg\u00e9retet tesz\u00fcnk, hogy nem lesz\u00fcnk t\u00fals\u00e1gosan technikaiak vagy klinikaiak, \u00e9s mint mindig, rengeteg kiv\u00e1l\u00f3 \u00e9s inspir\u00e1l\u00f3 k\u00e9pet fogunk bemutatni, teh\u00e1t kezdj\u00fck el k\u00f6zelebbr\u0151l \u00e9s intim m\u00f3don megismerni a szektor legismertebb m\u00e1rv\u00e1ny\u00e1t!<\/span><\/p>\n<figure id=\"attachment_494203\" aria-describedby=\"caption-attachment-494203\" style=\"width: 1100px\" class=\"wp-caption alignnone\"><img fetchpriority=\"high\" decoding=\"async\" class=\"size-full wp-image-494203\" title=\"Bianco Carrara m\u00e1rv\u00e1ny f\u00fcrd\u0151szoba projektek Esta Stone\" src=\"http:\/\/whitemarblegranite.com\/wp-content\/uploads\/2023\/11\/Bianco-Carrara-Marble-Bathroom-Projects-Esta-Stone.webp\" alt=\"Bianco Carrara m\u00e1rv\u00e1ny f\u00fcrd\u0151szoba projektek Esta Stone\" width=\"1100\" height=\"514\" srcset=\"https:\/\/whitemarblegranite.com\/wp-content\/uploads\/2023\/11\/Bianco-Carrara-Marble-Bathroom-Projects-Esta-Stone.webp 1100w, https:\/\/whitemarblegranite.com\/wp-content\/uploads\/2023\/11\/Bianco-Carrara-Marble-Bathroom-Projects-Esta-Stone-300x140.webp 300w, https:\/\/whitemarblegranite.com\/wp-content\/uploads\/2023\/11\/Bianco-Carrara-Marble-Bathroom-Projects-Esta-Stone-1024x478.webp 1024w, https:\/\/whitemarblegranite.com\/wp-content\/uploads\/2023\/11\/Bianco-Carrara-Marble-Bathroom-Projects-Esta-Stone-768x359.webp 768w, https:\/\/whitemarblegranite.com\/wp-content\/uploads\/2023\/11\/Bianco-Carrara-Marble-Bathroom-Projects-Esta-Stone-18x8.webp 18w\" sizes=\"(max-width: 1100px) 100vw, 1100px\" \/><figcaption id=\"caption-attachment-494203\" class=\"wp-caption-text\"><span style=\"color: #000000;\"><strong>Bianco Carrara m\u00e1rv\u00e1ny f\u00fcrd\u0151szoba projektek Esta Stone<\/strong><\/span><\/figcaption><\/figure>\n<h4><span style=\"color: #000000;\"><strong><span style=\"font-size: 18pt; font-family: arial, helvetica, sans-serif;\">1. A Bianco Carrara m\u00e1rv\u00e1nyr\u00f3l<\/span><\/strong><\/span><\/h4>\n<p><span style=\"font-family: arial, helvetica, sans-serif; font-size: 14pt; color: #000000;\">A Bianco Carrara m\u00e1rv\u00e1ny egy k\u00fcl\u00f6nleges olasz term\u00e9szetes k\u0151, amely t\u00f6k\u00e9letes otthoni dekor\u00e1ci\u00f3hoz. Ez egy hagyom\u00e1nyos olasz m\u00e1rv\u00e1ny, amelynek erekkel teli mint\u00e1zata er\u0151sebb, mint a Bianco Dolomiti m\u00e1rv\u00e1ny\u00e9. A Bianco Carrara hangs\u00falyt fektet a min\u0151s\u00e9gre, a v\u00e1laszt\u00e1sra \u00e9s az \u00e1rra, a csiszolt \u00e9s pol\u00edrozott m\u00e1rv\u00e1ny sz\u00e9ps\u00e9g\u00e9re \u00f6sszpontos\u00edtva. A Carrara m\u00e1rv\u00e1ny lehet\u0151v\u00e9 teszi, hogy j\u00e1tszhasson az \u00e1rnyalatokkal a lak\u00e1s\u00e1ban. Amellett, hogy egy kedves, term\u00e9szetes feh\u00e9r sz\u00ednv\u00e1laszt\u00e1st kap a burkolathoz, ez az anyag feh\u00e9r-sz\u00fcrke \u00e1rnyalatot is felvonultat, amivel k\u00eds\u00e9rletezhet. A Carrara m\u00e1rv\u00e1ny seg\u00edts\u00e9g\u00e9vel k\u00f6nnyen l\u00e9trehozhat egy mai vagy klasszikus hangulat\u00fa t\u00e9m\u00e1t a h\u00e1z\u00e1ban, a saj\u00e1t preferenci\u00e1i szerint. B\u00e1rmely egyszer\u0171en kin\u00e9z\u0151 otthon vesz\u00e9lyben van, hogy gyeng\u00fclj\u00f6n, ha megfelel\u0151 m\u00e9retet \u00e9s sz\u00ednt v\u00e1laszt a Bianco Carrara belsej\u00e9ben.<\/span><\/p>\n<p><span style=\"font-family: arial, helvetica, sans-serif; font-size: 14pt; color: #000000;\">Az olasz feh\u00e9r m\u00e1rv\u00e1ny, amelyet a Bianco Carrara alkot, az egyik legismertebb v\u00e1laszt\u00e1s a korabeli konyh\u00e1k munkalapjaihoz \u00e9s h\u00e1tfalaihoz, valamint a padl\u00f3burkolathoz.<\/span><\/p>\n<ul>\n<li>\n<h5><span style=\"color: #000000;\"><strong><span style=\"font-family: arial, helvetica, sans-serif; font-size: 14pt;\">1.1 Az olasz carrara m\u00e1rv\u00e1ny eredete<\/span><\/strong><\/span><\/h5>\n<\/li>\n<\/ul>\n<p><span style=\"font-family: arial, helvetica, sans-serif; font-size: 14pt; color: #000000;\">A m\u00e1rv\u00e1ny egy metamorf k\u0151, amely testi \u00e9s k\u00e9miai v\u00e1ltoz\u00e1sok r\u00e9v\u00e9n j\u00f6tt l\u00e9tre. A Carrara m\u00e1rv\u00e1ny egyedi esete egy kor\u00e1bbi \u00fcled\u00e9kes k\u0151 \u00e1talakul\u00e1s\u00e1b\u00f3l sz\u00fcletett, f\u0151k\u00e9nt m\u00e9szk\u0151b\u0151l, amely a tengeri alg\u00e1kb\u00f3l \u00e9s k\u00fcl\u00f6nb\u00f6z\u0151 tengeri \u00e9l\u0151l\u00e9nyekb\u0151l sz\u00e1rmazik. A Carrara m\u00e1rv\u00e1nyt m\u00e1r a r\u00f3maiak el\u0151tt b\u00e1ny\u00e1szt\u00e1k \u00e9s haszn\u00e1lt\u00e1k k\u00f6z\u00e9p\u00fcletekhez, vil\u00e1gi \u00e9s vall\u00e1si \u00e9p\u00fcletekhez, valamint lak\u00f3h\u00e1zakhoz. De csak a renesz\u00e1nsz idej\u00e9n v\u00e1lt igaz\u00e1n h\u00edress\u00e9, amikor Michelangelo \u00e9s Donatello is nagyra \u00e9rt\u00e9kelte.\u00a0\u00a0<\/span><\/p>\n<ul>\n<li>\n<h5><span style=\"color: #000000;\"><strong><span style=\"font-family: arial, helvetica, sans-serif; font-size: 14pt;\">1.2 A Carrara m\u00e1rv\u00e1ny v\u00e1ltozatai<\/span><\/strong><\/span><\/h5>\n<\/li>\n<\/ul>\n<p><span style=\"font-family: arial, helvetica, sans-serif; font-size: 14pt; color: #000000;\">A Carrara m\u00e1rv\u00e1nyt Toscana, az Apuan Alpok ter\u00fclet\u00e9n b\u00e1ny\u00e1ssz\u00e1k. Ez a nagyobb b\u00e1ny\u00e1szati hely sokf\u00e9le m\u00e1rv\u00e1nyt b\u00e1ny\u00e1sz: a Bianco Carrara \u00e9s a Calacatta csak n\u00e9h\u00e1ny.<\/span><\/p>\n<figure id=\"attachment_488102\" aria-describedby=\"caption-attachment-488102\" style=\"width: 500px\" class=\"wp-caption alignright\"><img decoding=\"async\" class=\"wp-image-488102\" title=\"Bianco Carrara m\u00e1rv\u00e1ny lapok\" src=\"http:\/\/whitemarblegranite.com\/wp-content\/uploads\/2023\/05\/Bianco-Carrara-marble-Slabs.webp\" alt=\"Bianco Carrara Marble Slabs\" width=\"500\" height=\"500\" srcset=\"https:\/\/whitemarblegranite.com\/wp-content\/uploads\/2023\/05\/Bianco-Carrara-marble-Slabs.webp 800w, https:\/\/whitemarblegranite.com\/wp-content\/uploads\/2023\/05\/Bianco-Carrara-marble-Slabs-300x300.webp 300w, https:\/\/whitemarblegranite.com\/wp-content\/uploads\/2023\/05\/Bianco-Carrara-marble-Slabs-150x150.webp 150w, https:\/\/whitemarblegranite.com\/wp-content\/uploads\/2023\/05\/Bianco-Carrara-marble-Slabs-768x768.webp 768w\" sizes=\"(max-width: 500px) 100vw, 500px\" \/><figcaption id=\"caption-attachment-488102\" class=\"wp-caption-text\"><span style=\"color: #000000;\">Bianco Carrara Marble Slabs<\/span><\/figcaption><\/figure>\n<p><span style=\"font-family: arial, helvetica, sans-serif; font-size: 14pt; color: #000000;\">V\u00e1ltoznak az erek \u00e9s a t\u00f6rt\u00e9nelmi m\u00falt sz\u00edne miatt; a falburkolatok anyagpalett\u00e1j\u00e1n a Bianco Carrara m\u00e1rv\u00e1nyt (Carrara Ghiaccio), a Calacatta Viola-t \u00e9s a Calacatta Oro-t (Paon Royal) v\u00e1lasztottuk.<\/span><\/p>\n<p><span style=\"font-family: arial, helvetica, sans-serif; font-size: 14pt; color: #000000;\">A Bianco Carrara m\u00e1rv\u00e1ny alatt sok t\u00edpus van, p\u00e9ld\u00e1ul a Statuario \u00e9s a Bianco Carrara. Ut\u00f3bbi viszont k\u00e9t konkr\u00e9t fokozatot foglal mag\u00e1ba: a Bianco Carrara C-t, amely feh\u00e9r \u00f6r\u00f6ks\u00e9ggel rendelkezik, \u00e9s a Bianco Carrara CD-t, amely sz\u00fcrke t\u00f6rt\u00e9nelmi m\u00falttal b\u00edr.<\/span><\/p>\n<ul>\n<li>\n<h5><span style=\"color: #000000;\"><strong><span style=\"font-family: arial, helvetica, sans-serif; font-size: 14pt;\">1.3 Bevezet\u00e9s a Bianco Carrara m\u00e1rv\u00e1nyba (Mi az a Bianco Carrara m\u00e1rv\u00e1ny)<\/span><\/strong><\/span><\/h5>\n<\/li>\n<\/ul>\n<p><span style=\"font-family: arial, helvetica, sans-serif; font-size: 14pt; color: #000000;\">Ha kimondjuk a \u201cm\u00e1rv\u00e1ny\u201d sz\u00f3t, akkor \u00e1ltal\u00e1ban az els\u0151 k\u0151, ami esz\u00fcnkbe jut, a Bianco Carrara. Tekintettel arra, hogy sz\u00e1mos elk\u00e9peszt\u0151 m\u0171alkot\u00e1s sz\u00fcletett az \u00e9vsz\u00e1zadok sor\u00e1n abb\u00f3l a t\u00f6mbb\u0151l, amelyet a Carrara f\u00f6ldjei felett, \u00c9szak-Toscana ter\u00fclet\u00e9n b\u00e1ny\u00e1sztak, ez nem is olyan meglep\u0151. Persze, a Carrara nem mindig a legjobb feh\u00e9r m\u00e1rv\u00e1ny a vil\u00e1gon. Viszont biztosan a legink\u00e1bb elismert. Mi, az Esta Stone Gy\u00e1rban, k\u00fcl\u00f6n\u00f6s szeretettel viszonyulunk hozz\u00e1, mert a vezet\u0151s\u00e9gi irod\u00e1nk ablak\u00e1b\u00f3l l\u00e1tjuk a massz\u00edv Apuan Alpokat, amelyek a Carrara b\u00e1ny\u00e1k otthona.<\/span><\/p>\n<p><span style=\"font-family: arial, helvetica, sans-serif; font-size: 14pt; color: #000000;\">Ugyan\u00edgy, egyes \u00e9telek \u00e9s borok is a k\u00f6rny\u00e9k nev\u00e9t viselik; p\u00e9ld\u00e1ul a champagne vagy a parmai sonka, a legjobb m\u00e1rv\u00e1ny, amelyet a Carrara b\u00e1ny\u00e1kb\u00f3l b\u00e1ny\u00e1sztak, Carrar\u00e1k\u00e9nt eml\u00edthet\u0151. Nem minden Carrara m\u00e1rv\u00e1ny egyforma, de tal\u00e1lhatunk k\u00fcl\u00f6nb\u00f6z\u0151 napf\u00e9ny-\u00e1rnyalatokat. A legismertebb k\u00f6z\u00fcl\u00fck a Bianco, vagyis, hogy jobban \u00e9rts\u00fck, a feh\u00e9r modell.<\/span><\/p>\n<p><span style=\"font-family: arial, helvetica, sans-serif; font-size: 14pt; color: #000000;\">Ez a hihetetlen k\u0151 gy\u00f6ny\u00f6r\u0171en n\u00e9z ki, \u00e9s rendk\u00edv\u00fcl kem\u00e9ny \u00e9s tart\u00f3s. L\u00e1thatjuk, hogy \u0151szint\u00e9n ki\u00e1llja az id\u0151 pr\u00f3b\u00e1j\u00e1t a sz\u00e9p tornyok \u00e9s eml\u00e9km\u0171vek sz\u00e9les v\u00e1laszt\u00e9k\u00e1val, amelyeket t\u00f6bb sz\u00e1z, s\u0151t t\u00f6bb ezer \u00e9vvel ezel\u0151tt \u00e9p\u00edtettek, \u00e9s ma is \u00e1llnak, a Parthenon-t\u00f3l a firenzei csod\u00e1latos katedr\u00e1lisig, eg\u00e9szen Michelangelo D\u00e1vidj\u00e1ig.<\/span><\/p>\n<p><span style=\"font-family: arial, helvetica, sans-serif; font-size: 14pt; color: #000000;\">Viszont a Bianco Carrara m\u00e1rv\u00e1ny h\u00edrneve nemcsak a dics\u0151s\u00e9ges \u00e9s klasszikus \u00e9p\u00edt\u00e9szetben \u00e9s m\u0171v\u00e9szetben rejlik. Ma is v\u00e1lasztj\u00e1k a tervez\u0151k \u00e9s a diz\u00e1jnerek, akik ugyanolyan szerelmesek \u00e9s inspir\u00e1ltak annak speci\u00e1lis tulajdons\u00e1gaib\u00f3l, mint a r\u00e9gi bar\u00e1taik.<\/span><\/p>\n<ul>\n<li>\n<h6><span style=\"color: #000000;\"><strong><span style=\"font-family: arial, helvetica, sans-serif; font-size: 14pt;\">1.4 Hogyan keletkezik a Bianco Carrara<\/span><\/strong><\/span><\/h6>\n<\/li>\n<\/ul>\n<p><span style=\"font-family: arial, helvetica, sans-serif; font-size: 14pt; color: #000000;\"><strong><a href=\"https:\/\/whitemarblegranite.com\/hu\/product\/bianco-carrara-marble-2\/\">Bianco Carrara m\u00e1rv\u00e1ny<\/a><\/strong> A m\u00e1rv\u00e1ny egy olyan form\u00e1ja, amely f\u0151k\u00e9nt m\u00e9szk\u0151b\u0151l \u00e1ll, ahogy minden m\u00e1s m\u00e1rv\u00e1ny is. Hossz\u00fa metamorf folyamatot vesz ig\u00e9nybe, amely sor\u00e1n a kor\u00e1bbi \u00fcled\u00e9kes k\u0151 kalcitja lassan \u00e1talakul az \u00e9vek sor\u00e1n sz\u00e1mos testi \u00e9s k\u00e9miai t\u00e9nyez\u0151 hat\u00e1s\u00e1ra.<\/span><\/p>\n<figure id=\"attachment_488119\" aria-describedby=\"caption-attachment-488119\" style=\"width: 500px\" class=\"wp-caption alignleft\"><img decoding=\"async\" class=\"wp-image-488119\" title=\"Carrara feh\u00e9r m\u00e1rv\u00e1nylap\" src=\"http:\/\/whitemarblegranite.com\/wp-content\/uploads\/2023\/05\/Carrara-White-Marble-Slab.webp\" alt=\"Carrara m\u00e1rv\u00e1nylapok\" width=\"500\" height=\"500\" srcset=\"https:\/\/whitemarblegranite.com\/wp-content\/uploads\/2023\/05\/Carrara-White-Marble-Slab.webp 800w, https:\/\/whitemarblegranite.com\/wp-content\/uploads\/2023\/05\/Carrara-White-Marble-Slab-300x300.webp 300w, https:\/\/whitemarblegranite.com\/wp-content\/uploads\/2023\/05\/Carrara-White-Marble-Slab-150x150.webp 150w, https:\/\/whitemarblegranite.com\/wp-content\/uploads\/2023\/05\/Carrara-White-Marble-Slab-768x768.webp 768w\" sizes=\"(max-width: 500px) 100vw, 500px\" \/><figcaption id=\"caption-attachment-488119\" class=\"wp-caption-text\"><span style=\"color: #000000;\">Carrara m\u00e1rv\u00e1nylapok<\/span><\/figcaption><\/figure>\n<p><span style=\"font-family: arial, helvetica, sans-serif; font-size: 14pt; color: #000000;\">A kiindul\u00f3 k\u0151ben l\u00e9v\u0151 m\u00e9szk\u0151 krist\u00e1lyosodik \u00e1t egyedi krist\u00e1lymint\u00e1v\u00e1 a metamorf\u00f3zis egy bizonyos szakasz\u00e1ban. A legt\u00f6bb m\u00e1rv\u00e1ny limestonb\u00f3l vagy dolomitb\u00f3l sz\u00e1rmazik, \u00e9s min\u00e9l t\u00f6bb m\u00e9szk\u0151 van a k\u0151ben, ann\u00e1l feh\u00e9rebb lesz a m\u00e1rv\u00e1ny, mert t\u00f6bb kalcit krist\u00e1ly ker\u00fcl bele.<\/span><\/p>\n<p><span style=\"font-family: arial, helvetica, sans-serif; font-size: 14pt; color: #000000;\">A Carrara b\u00e1ny\u00e1iban a feh\u00e9rs\u00e9g egyedi fokozatai a krist\u00e1lyok sz\u00e1zal\u00e9kos ar\u00e1ny\u00e1nak v\u00e1ltoz\u00e1sa miatt alakulnak ki minden egyes t\u00f6mbben. Azok a t\u00f6mb\u00f6k, amelyekben a legjobb krist\u00e1lyok sz\u00e1zal\u00e9ka van, sokkal kiv\u00e1l\u00f3bb, egyenletesebb, kompaktabb \u00e9s term\u00e9szetesebb feh\u00e9rs\u00e9get mutatnak, f\u0151k\u00e9nt minden ter\u00fcleten, az \u00e9p\u00edt\u00e9st\u0151l a tervez\u00e9sen \u00e1t a szobr\u00e1szatig.<\/span><\/p>\n<p><span style=\"font-family: arial, helvetica, sans-serif; font-size: 14pt; color: #000000;\">A carrarai m\u00e1rv\u00e1ny kitermel\u00e9se k\u00f6r\u00fclbel\u00fcl az i. e. sz\u00e1zadra tehet\u0151. B\u00e1r a kitermel\u00e9s eszk\u00f6zei \u00e9s m\u00f3dszerei id\u0151vel fejl\u0151dtek, a ma haszn\u00e1ltak csak valamivel k\u00fcl\u00f6nlegesebbek, mint azok, amelyeket a 19. sz\u00e1zadban vezettek be, \u00e9s amelyek forradalmas\u00edtott\u00e1k az eg\u00e9sz ipart.<\/span><\/p>\n<p><span style=\"font-family: arial, helvetica, sans-serif; font-size: 14pt; color: #000000;\">\u00a0Az innov\u00e1ci\u00f3k, a h\u00e9lix alak\u00fa dupla f\u0171r\u00e9sz \u00e9s a behatol\u00f3 csigafog\u00f3 a 19. sz\u00e1zad sor\u00e1n \u00e1talak\u00edtott\u00e1k az ipart \u00fagy, hogy egyidej\u0171leg behatoltak a m\u00e1rv\u00e1nyba \u00e9s blokkokk\u00e1 t\u00f6rt\u00e9k le azt. Ugyanezt a m\u00f3dszert haszn\u00e1lj\u00e1k ma is, de a gy\u00e9m\u00e1ntdr\u00f3t megv\u00e1ltozott a h\u00e9lix alak\u00fa el\u0151dj\u00e9hez k\u00e9pest.<\/span><\/p>\n<ul>\n<li>\n<h6><span style=\"color: #000000;\"><strong><span style=\"font-family: arial, helvetica, sans-serif; font-size: 14pt;\">1.5 A Bianco Carrara m\u0171szaki oldala<\/span><\/strong><\/span><\/h6>\n<\/li>\n<\/ul>\n<p><span style=\"font-family: arial, helvetica, sans-serif; font-size: 14pt; color: #000000;\">Mint a legt\u00f6bb term\u00e9szetes k\u0151t\u00edpus, a Bianco Carrara is egyedi tulajdons\u00e1gokkal rendelkezik, amelyek meghat\u00e1rozz\u00e1k, hogyan lehet haszn\u00e1lni \u00e9s hogyan fog \u00f6regedni. Ahogy fent eml\u00edtett\u00fck, hihetetlen\u00fcl tart\u00f3s \u00e9s kem\u00e9ny, ellen\u00e1ll\u00f3 a t\u00falzott h\u0151m\u00e9rs\u00e9klettel \u00e9s nyom\u00e1ssal szemben, \u00edgy rendk\u00edv\u00fcl sokoldal\u00fa, hiszen bels\u0151 \u00e9s k\u00fcls\u0151 felhaszn\u00e1l\u00e1sra egyar\u00e1nt alkalmas.<\/span><\/p>\n<p><span style=\"font-family: arial, helvetica, sans-serif; font-size: 14pt; color: #000000;\">Alacsony porozit\u00e1sa mellett alacsony a felsz\u00edv\u00f3d\u00e1si egy\u00fctthat\u00f3ja is, ami azt jelenti, hogy kiv\u00e1l\u00f3an alkalmas asztalokhoz \u00e9s pultokhoz vagy konyhapulthoz, ugyanazon r\u00e9gi \u00f3vint\u00e9zked\u00e9sekkel, mint a feh\u00e9r m\u00e1rv\u00e1ny eset\u00e9ben, vagyis nem szereti a savakat, ez\u00e9rt folyamatosan j\u00f3 \u00f6tlet gyorsan let\u00f6r\u00f6lni a citromlevet stb., miel\u0151tt besziv\u00e1rogna a k\u0151be.<\/span><\/p>\n<p><span style=\"font-family: arial, helvetica, sans-serif; font-size: 14pt; color: #000000;\">A savakkal szembeni \u00e9rz\u00e9kenys\u00e9g miatt nemcsak a Bianco Carrara, hanem b\u00e1rmely m\u00e1rv\u00e1ny olyan term\u00e9kekkel kezelend\u0151, amelyek lass\u00edtj\u00e1k a felsz\u00edv\u00f3d\u00e1st \u00e9s v\u00e9di a k\u00f6vet, hogy \u00e9vek m\u00falt\u00e1n is leny\u0171g\u00f6z\u0151 maradjon att\u00f3l a napt\u00f3l kezdve, amikor felker\u00fcl. Egy\u00e9bk\u00e9nt, t\u00f6bb mint h\u00e9t \u00e9v \u00e9lvezete ut\u00e1n (tudjuk, hogy ez semmi a metamorf folyamatokhoz k\u00e9pest. Azonban a r\u00e9gi\u00f3ban ez el\u00e9g elk\u00e9peszt\u0151!), mindig aj\u00e1nlunk olaj- \u00e9s v\u00edztasz\u00edt\u00f3 anyagot v\u00e9d\u0151r\u00e9tegk\u00e9nt, majd a mindennapi tiszt\u00edt\u00e1sn\u00e1l csak egy nedves rongyot \u00e9s semleges szappant. Semmi t\u00fal bonyolult!<\/span><\/p>\n<h4><span style=\"font-size: 18pt; color: #000000;\"><strong><span style=\"font-family: arial, helvetica, sans-serif;\">2. A Carrara Bianco m\u00e1rv\u00e1ny fel\u00fcleti opci\u00f3i<\/span><\/strong><\/span><\/h4>\n<p><span style=\"font-family: arial, helvetica, sans-serif; font-size: 14pt; color: #000000;\">Most, hogy \u00e1tment\u00e9l egy mini \u00e1ttekint\u00e9sen, r\u00e1j\u00f6ssz, hogy a Carrara Bianco m\u00e1rv\u00e1ny h\u00edres az eszt\u00e9tik\u00e1j\u00e1r\u00f3l \u00e9s a hasonl\u00f3 ter\u00fcletr\u0151l kitermelt m\u00e1s m\u00e1rv\u00e1nyokhoz k\u00e9pest is fejlettebbnek sz\u00e1m\u00edt a \u00f6sszet\u00e9tel\u00e9nek, tart\u00f3ss\u00e1g\u00e1nak \u00e9s kem\u00e9nys\u00e9g\u00e9nek k\u00f6sz\u00f6nhet\u0151en. Ezek a tulajdons\u00e1gok teszik alkalmass\u00e1 sz\u00e1mos egy\u00e9b alkalmaz\u00e1sra, a nagy \u00e9p\u00fcletekt\u0151l \u00e9s a fantasztikus m\u0171alkot\u00e1sokt\u00f3l a kicsi, hib\u00e1tlanul form\u00e1zott kieg\u00e9sz\u00edt\u0151kig \u00e9s d\u00edsz\u00edt\u0151 r\u00e9szekig.<\/span><\/p>\n<figure id=\"attachment_494218\" aria-describedby=\"caption-attachment-494218\" style=\"width: 500px\" class=\"wp-caption alignleft\"><img loading=\"lazy\" decoding=\"async\" class=\"wp-image-494218\" title=\"Carrara feh\u00e9r m\u00e1rv\u00e1ny f\u00fcrd\u0151szoba projektek Esta Stone\" src=\"http:\/\/whitemarblegranite.com\/wp-content\/uploads\/2023\/11\/Carrara-White-Marble-Bathroom-Projects-Esta-Stone.webp\" alt=\"Carrara feh\u00e9r m\u00e1rv\u00e1ny f\u00fcrd\u0151szoba projektek Esta Stone\" width=\"500\" height=\"500\" srcset=\"https:\/\/whitemarblegranite.com\/wp-content\/uploads\/2023\/11\/Carrara-White-Marble-Bathroom-Projects-Esta-Stone.webp 800w, https:\/\/whitemarblegranite.com\/wp-content\/uploads\/2023\/11\/Carrara-White-Marble-Bathroom-Projects-Esta-Stone-300x300.webp 300w, https:\/\/whitemarblegranite.com\/wp-content\/uploads\/2023\/11\/Carrara-White-Marble-Bathroom-Projects-Esta-Stone-150x150.webp 150w, https:\/\/whitemarblegranite.com\/wp-content\/uploads\/2023\/11\/Carrara-White-Marble-Bathroom-Projects-Esta-Stone-768x768.webp 768w, https:\/\/whitemarblegranite.com\/wp-content\/uploads\/2023\/11\/Carrara-White-Marble-Bathroom-Projects-Esta-Stone-12x12.webp 12w\" sizes=\"(max-width: 500px) 100vw, 500px\" \/><figcaption id=\"caption-attachment-494218\" class=\"wp-caption-text\"><span style=\"font-family: arial, helvetica, sans-serif; font-size: 14pt; color: #000000;\">Carrara feh\u00e9r m\u00e1rv\u00e1ny f\u00fcrd\u0151szoba projektek Esta Stone<\/span><\/figcaption><\/figure>\n<p><span style=\"font-family: arial, helvetica, sans-serif; font-size: 14pt; color: #000000;\">Id\u0151vel k\u00eds\u00e9rletezt\u00fcnk vele, csak egy kis csavart adtunk a term\u00e9szetes ragyog\u00e1s\u00e1hoz. Messze a legflexibilisebb az \u00f6sszes k\u0151 k\u00f6z\u00fcl, amivel dolgozunk, \u00e9s az egyetlen k\u0151, amely minden text\u00far\u00e1nkban el\u00e9rhet\u0151. Minden text\u00fara a saj\u00e1t pontos m\u00f3dj\u00e1n hozza ki a Bianco Carrara gy\u00f6ny\u00f6r\u0171s\u00e9g\u00e9t, kiemelve a k\u00fcl\u00f6nb\u00f6z\u0151 aspektusokat, \u00e9s sok esetben m\u00e9g azt is gondolhatod, hogy egyedi k\u00f6veket n\u00e9zel. Ez a l\u00e9nyege annak, hogy m\u00e1r nem csak a Carrara Bianco m\u00e1rv\u00e1ny, hanem b\u00e1rmilyen m\u00e1rv\u00e1ny. Mindegyik pontos.<\/span><\/p>\n<p>&nbsp;<\/p>\n<p><span style=\"font-family: arial, helvetica, sans-serif; font-size: 14pt; color: #000000;\">\u00cdg\u00e9retet tett\u00fcnk, hogy mes\u00e9s k\u00e9peket mutatunk, \u00edgy engedj\u00e9tek meg, hogy gyorsan \u00e1tn\u00e9zz\u00fck minden text\u00far\u00e1t \u00e9s \u00e9szrevegy\u00fck, hogyan \u00e9rtelmezi a kedvenc feh\u00e9r, carrarai m\u00e1rv\u00e1nyunkat. A feh\u00e9r carrarai m\u00e1rv\u00e1nyt t\u00f6bbf\u00e9le m\u00f3don lehet befejezni, att\u00f3l f\u00fcgg\u0151en, hogy milyen eszt\u00e9tik\u00e1t szeretn\u00e9nk egy adott ter\u00fcleten \u00e9s milyen karbantart\u00e1si szintet prefer\u00e1l a tulajdonos.<\/span><\/p>\n<p>&nbsp;<\/p>\n<p><span style=\"font-family: arial, helvetica, sans-serif; font-size: 14pt; color: #000000;\">A klasszikus, magas \u00e1r\u00fa pol\u00edrozott feh\u00e9r m\u00e1rv\u00e1nyt kifinomult befejez\u00e9ssel lehet kivitelezni, ami remek\u00fcl sima, magas f\u00e9ny\u0171 padl\u00f3t eredm\u00e9nyez. Ez a leny\u0171g\u00f6z\u0151 f\u00e9ny kiemeli a Carrara Bianco m\u00e1rv\u00e1ny ragyog\u00f3 feh\u00e9rs\u00e9g\u00e9t \u00e9s csillog\u00e1s\u00e1t, ami seg\u00edthet felvid\u00edtani egy olyan ter\u00fcletet, ahol nincsenek ablakok, \u00e9s \u00e9l\u00e9nk, tiszta \u00e9lm\u00e9nyt ny\u00fajt a helyis\u00e9gben. Ez a legismertebb opci\u00f3, mert magasabb \u00e9rt\u00e9k\u0171 megjelen\u00e9st k\u00f6lcs\u00f6n\u00f6z a k\u0151nek \u00e9s k\u00f6nnyebben haszn\u00e1lhat\u00f3\u2014azonban a pol\u00edrozott m\u00e1rv\u00e1ny jeleket, karcol\u00e1sokat, horpad\u00e1sokat stb. hagy maga ut\u00e1n. Sok plusz munka n\u00e9lk\u00fcl, \u00edgy a m\u00e1rv\u00e1nyod hamarabb mutathatja a konyh\u00e1d kop\u00e1s\u00e1t \u00e9s visel\u0151d\u00e9s\u00e9t.<\/span><\/p>\n<ol>\n<li><span style=\"font-family: arial, helvetica, sans-serif; font-size: 14pt; color: #000000;\">Hasonl\u00f3an a t\u00fckr\u00f6z\u0151d\u0151 f\u00e9nyhez, a t\u00falpol\u00edrozott v\u00e9geredm\u00e9ny extra biztons\u00e1got ny\u00fajt a foltokkal szemben \u00e9s higi\u00e9nikusabb a konyh\u00e1k sz\u00e1m\u00e1ra, mivel a megfelel\u0151 simas\u00e1g nem engedi, hogy rejtett reped\u00e9sek vagy r\u00e9sek j\u00f6jjenek l\u00e9tre a ki\u00f6ml\u00e9sek \u00e9s mikroorganizmusok sz\u00e1m\u00e1ra. Ugyanakkor extra elsz\u00e1nts\u00e1got ig\u00e9nyel a tisztas\u00e1g fenntart\u00e1s\u00e1hoz, mert a pol\u00edrozott fel\u00fclet k\u00f6nnyen l\u00e1that\u00f3v\u00e1 teszi a vonalakat, karcol\u00e1sokat vagy foltokat. Egy gyeng\u00e9d m\u00e1rv\u00e1nyanyag \u00e9s a f\u0151k\u00e9nt n\u00f6v\u00e9nyi alap\u00fa, fejlett k\u0151tiszt\u00edt\u00f3k sz\u00e9les v\u00e1laszt\u00e9ka seg\u00edthet fenntartani a f\u00e9nyt.<\/span><\/li>\n<li><span style=\"font-family: arial, helvetica, sans-serif; font-size: 14pt; color: #000000;\">Akiknek l\u00e1gyabb, kev\u00e9sb\u00e9 finom eszt\u00e9tika kell, azok ink\u00e1bb a feh\u00e9r carrarai m\u00e1rv\u00e1ny pultjaikat sat\u00ednezett matt v\u00e9geredm\u00e9nyre csiszolhatj\u00e1k, ami abszol\u00fat s\u00edkt\u00f3l a f\u00e9l-mattig terjed, \u00e9s sokkal toler\u00e1nsabb a karcol\u00e1sokkal \u00e9s horpad\u00e1sokkal szemben. Ez a tulajdons\u00e1g \u201cleh\u00fazza\u201d a m\u00e1rv\u00e1ny \u00e9rzet\u00e9t, \u00edgy l\u00e1gyabb \u00e9s melegebb lesz, ahelyett, hogy v\u00e9r n\u00e9lk\u00fcli \u00e9s steril lenne.<\/span><\/li>\n<li><span style=\"font-family: arial, helvetica, sans-serif; font-size: 14pt; color: #000000;\">A csiszolt m\u00e1rv\u00e1ny egyik nagy el\u0151nye, hogy a csiszolt fel\u00fclet nem mutat kop\u00e1st vagy karcol\u00e1sokat, mint egy eleg\u00e1ns fel\u00fclet \u2013 ami aggodalomra ad okot, mert a m\u00e1rv\u00e1ny val\u00f3sz\u00edn\u0171leg n\u00e9h\u00e1ny m\u00e9lyed\u00e9st \u00e9s karcol\u00e1st fog tapasztalni. De a matt v\u00e9geredm\u00e9ny emellett a k\u00f6vet extra por\u00f3ziss\u00e1 \u00e9s foltokra vagy v\u00edzk\u00e1rosod\u00e1sra hajlamoss\u00e1 teszi \u2013 figyelmeztet\u00e9s azoknak a ter\u00fcleteknek, amelyek gyakran ki vannak t\u00e9ve a v\u00edznek, p\u00e9ld\u00e1ul a mosd\u00f3knak vagy a konyh\u00e1knak. Akik csiszolt v\u00e9geredm\u00e9nyt v\u00e1lasztanak, rendszeresen \u00fajra kell b\u00e9lelni\u00fck (n\u00e9h\u00e1ny h\u00f3naponk\u00e9nt, nem pedig \u00e9vente) \u00e9s \u00f3vatosabbnak kell lenni\u00fck a savas vagy s\u00f6t\u00e9t sz\u00edn\u0171 italokkal kapcsolatban.<\/span><\/li>\n<li><span style=\"font-family: arial, helvetica, sans-serif; font-size: 14pt; color: #000000;\">Azok a h\u00e1ztulajdonosok, akik nagyobb rusztikus, term\u00e9szetes \u00e9lm\u00e9nyt szeretn\u00e9nek otthonukban, a feh\u00e9r carrarai pultjaikat b\u0151rrel bor\u00edthatj\u00e1k. Ez a v\u00e9geredm\u00e9ny egy sima \u00e9rzetet ad, v\u00e1ltoz\u00f3 text\u00far\u00e1val, amely ut\u00e1nozza a term\u00e9szetes k\u0151 mozg\u00e1s\u00e1t, hangs\u00falyozva a pultok azonnali f\u00f6ldb\u0151l sz\u00e1rmaz\u00f3 kiv\u00e9teless\u00e9g\u00e9t.<\/span><\/li>\n<\/ol>\n<p><span style=\"font-family: arial, helvetica, sans-serif; font-size: 14pt; color: #000000;\">M\u00e9g a csiszolt fel\u00fcletn\u00e9l is jobb, hogy a feh\u00e9r carrara m\u00e1rv\u00e1ny bor\u00edt\u00e1s\u00fa, b\u0151rrel bevont fel\u00fclete \u00e9rz\u00e9keny \u00e1ld\u00e1st jelent: m\u00e9g a csiszolt v\u00e9gzethez k\u00e9pest is sokkal kev\u00e9sb\u00e9 hajlamos a karcol\u00f3d\u00e1sra. Nem l\u00e1tszanak rajta az ujjlenyomatok vagy a v\u00edzfoltok, mint a pol\u00edrozott munkalapokon. Ez t\u00f6k\u00e9letes egy elfoglalt h\u00e1ztulajdonos sz\u00e1m\u00e1ra, aki nem akar folyton takar\u00edtani. Azonban a b\u0151rrel bevont fel\u00fcleteknek extra v\u00e9delemre van sz\u00fcks\u00e9g\u00fck a foltok \u00e9s a v\u00edzk\u00e1r ellen, mert a kis v\u00f6lgyekben \u00f6sszegy\u0171lhetnek az italok, ami n\u00f6veli a foltok \u00e9s a mar\u00e1sok kialakul\u00e1s\u00e1nak es\u00e9ly\u00e9t. A gyakori \u00fajrasziv\u00e1csol\u00e1s \u00e9s a ki\u00f6ml\u00e9sek megel\u0151z\u00e9s\u00e9re \u00e9s tiszt\u00edt\u00e1s\u00e1ra val\u00f3 nagyobb figyelem t\u00e1vol tartja a s\u00e9r\u00fcl\u00e9seket, \u00e9s a v\u00e1ltoz\u00f3 v\u00e9ge miatt az savak vagy foltok okozta mar\u00e1sok sokkal kev\u00e9sb\u00e9 \u00e9szrevehet\u0151k.<\/span><\/p>\n<figure id=\"attachment_494219\" aria-describedby=\"caption-attachment-494219\" style=\"width: 1100px\" class=\"wp-caption alignnone\"><img loading=\"lazy\" decoding=\"async\" class=\"size-full wp-image-494219\" title=\"Bianco Carrara feh\u00e9r m\u00e1rv\u00e1ny szabadon \u00e1ll\u00f3 f\u00fcrd\u0151k\u00e1d\" src=\"http:\/\/whitemarblegranite.com\/wp-content\/uploads\/2023\/11\/Bianco-Carrara-White-Marble-Freestanding-Bathtub.webp\" alt=\"Bianco Carrara feh\u00e9r m\u00e1rv\u00e1ny szabadon \u00e1ll\u00f3 f\u00fcrd\u0151k\u00e1d\" width=\"1100\" height=\"670\" srcset=\"https:\/\/whitemarblegranite.com\/wp-content\/uploads\/2023\/11\/Bianco-Carrara-White-Marble-Freestanding-Bathtub.webp 1100w, https:\/\/whitemarblegranite.com\/wp-content\/uploads\/2023\/11\/Bianco-Carrara-White-Marble-Freestanding-Bathtub-300x183.webp 300w, https:\/\/whitemarblegranite.com\/wp-content\/uploads\/2023\/11\/Bianco-Carrara-White-Marble-Freestanding-Bathtub-1024x624.webp 1024w, https:\/\/whitemarblegranite.com\/wp-content\/uploads\/2023\/11\/Bianco-Carrara-White-Marble-Freestanding-Bathtub-768x468.webp 768w, https:\/\/whitemarblegranite.com\/wp-content\/uploads\/2023\/11\/Bianco-Carrara-White-Marble-Freestanding-Bathtub-18x12.webp 18w\" sizes=\"(max-width: 1100px) 100vw, 1100px\" \/><figcaption id=\"caption-attachment-494219\" class=\"wp-caption-text\"><span style=\"color: #000000;\">Bianco Carrara feh\u00e9r m\u00e1rv\u00e1ny szabadon \u00e1ll\u00f3 f\u00fcrd\u0151k\u00e1d<\/span><\/figcaption><\/figure>\n<h4><span style=\"font-size: 18pt; color: #000000;\"><strong><span style=\"font-family: arial, helvetica, sans-serif;\">3. A Bianco Carrara feh\u00e9r m\u00e1rv\u00e1ny felhaszn\u00e1l\u00e1sa<\/span><\/strong><\/span><\/h4>\n<p><span style=\"font-family: arial, helvetica, sans-serif; font-size: 14pt; color: #000000;\">A Bianco Carrara m\u00e1rv\u00e1ny egy \u00f6r\u00f6k \u00e9let\u0171 hagyom\u00e1ny, amely sug\u00e1rozza a diff\u00faz sz\u00e9ps\u00e9get \u00e9s az eleganci\u00e1t. Finom feh\u00e9r sz\u00edn\u00e9vel \u00e9s finom sz\u00fcrke erezet\u00e9vel ez a term\u00e9szetes k\u0151 m\u00e1r t\u00f6bb sz\u00e1z \u00e9ve a tervez\u0151k kedvence. A \u201cBianco Carrara\u201d elnevez\u00e9s onnan ered, hogy Carrar\u00e1ban, Olaszorsz\u00e1gban keletkezett, ahol majestikus hegyekb\u0151l b\u00e1ny\u00e1ssz\u00e1k.<\/span><\/p>\n<p><span style=\"font-family: arial, helvetica, sans-serif; font-size: 14pt; color: #000000;\">Ez a ikonikus term\u00e9szetes feh\u00e9r m\u00e1rv\u00e1ny sokf\u00e9le alkalmaz\u00e1sra alkalmas, p\u00e9ld\u00e1ul padl\u00f3khoz, falburkolatokhoz, konyhai munkalapokhoz \u00e9s f\u00fcrd\u0151szobai mosd\u00f3kagyl\u00f3khoz. Rugalmas term\u00e9szete lehet\u0151v\u00e9 teszi, hogy kieg\u00e9sz\u00edtse a hagyom\u00e1nyos \u00e9s a mai belt\u00e9ri diz\u00e1jnt, \u00edgy a h\u00e1ztulajdonosok \u00e9s a tervez\u0151k k\u00f6z\u00f6tt is szeretett anyag.<\/span><\/p>\n<figure id=\"attachment_493996\" aria-describedby=\"caption-attachment-493996\" style=\"width: 500px\" class=\"wp-caption alignright\"><img loading=\"lazy\" decoding=\"async\" class=\"wp-image-493996\" title=\"Carrara Gioia m\u00e1rv\u00e1ny kerek doh\u00e1nyz\u00f3asztal\" src=\"http:\/\/whitemarblegranite.com\/wp-content\/uploads\/2023\/10\/Carrara-Gioia-Marble-Round-Coffee-Table.webp\" alt=\"Carrara Gioia m\u00e1rv\u00e1ny kerek doh\u00e1nyz\u00f3asztal\" width=\"500\" height=\"500\" srcset=\"https:\/\/whitemarblegranite.com\/wp-content\/uploads\/2023\/10\/Carrara-Gioia-Marble-Round-Coffee-Table.webp 800w, https:\/\/whitemarblegranite.com\/wp-content\/uploads\/2023\/10\/Carrara-Gioia-Marble-Round-Coffee-Table-300x300.webp 300w, https:\/\/whitemarblegranite.com\/wp-content\/uploads\/2023\/10\/Carrara-Gioia-Marble-Round-Coffee-Table-150x150.webp 150w, https:\/\/whitemarblegranite.com\/wp-content\/uploads\/2023\/10\/Carrara-Gioia-Marble-Round-Coffee-Table-768x768.webp 768w, https:\/\/whitemarblegranite.com\/wp-content\/uploads\/2023\/10\/Carrara-Gioia-Marble-Round-Coffee-Table-12x12.webp 12w\" sizes=\"(max-width: 500px) 100vw, 500px\" \/><figcaption id=\"caption-attachment-493996\" class=\"wp-caption-text\"><span style=\"color: #000000;\">Carrara Gioia m\u00e1rv\u00e1ny kerek doh\u00e1nyz\u00f3asztal<\/span><\/figcaption><\/figure>\n<ul>\n<li><span style=\"font-family: arial, helvetica, sans-serif; font-size: 14pt; color: #000000;\">Bianco <strong><a href=\"https:\/\/whitemarblegranite.com\/hu\/product\/carrara-white-marble\/\">Carrara feh\u00e9r m\u00e1rv\u00e1ny<\/a><\/strong> a Carrar\u00e1b\u00f3l sz\u00e1rmaz\u00f3 legend\u00e1s olasz k\u0151, a leg\u00e9rt\u00e9kesebb m\u00e1rv\u00e1ny otthona. Feh\u00e9r alapon enyh\u00e9n sz\u00fcrke erezettel rendelkezik. A rengeteg feh\u00e9r m\u00e1rv\u00e1ny k\u00f6z\u00f6tt a Bianco Carrara feh\u00e9r m\u00e1rv\u00e1ny puhas\u00e1ga ugyanolyan alkalmas belt\u00e9ri, mint k\u00fclt\u00e9ri alkalmaz\u00e1sokra. A k\u0151 ide\u00e1lis b\u00e1rmilyen \u00e9p\u00edt\u00e9szeti \u00e9s tervez\u00e9si projekthez. A feh\u00e9r Bianco Carrara m\u00e1rv\u00e1nyb\u00f3l k\u00e9sz\u00fclt asztalok, ablakp\u00e1rk\u00e1nyok \u00e9s kandall\u00f3k viszonylag j\u00f3l illeszkednek b\u00e1rmilyen anyaghoz, \u00e9s nem t\u00falterhelik a bels\u0151 teret, hanem finoman t\u00fckr\u00f6zik a kib\u0151v\u00fcl\u0151 t\u00e9r kellemes \u00e9rz\u00e9s\u00e9t.<\/span><\/li>\n<li><span style=\"font-family: arial, helvetica, sans-serif; font-size: 14pt; color: #000000;\">A Bianco Carrara m\u00e1rv\u00e1ny vonzereje abban rejlik, hogy alul\u00e9rt\u00e9kelten ragyog\u00f3 \u00e9s f\u00e1radts\u00e1gmentesen kecses. Id\u0151tlen vonzereje t\u00f6bb t\u00edzmilli\u00f3 \u00e9v geol\u00f3giai k\u00e9pz\u0151d\u00e9s\u00e9nek eredm\u00e9nye, amely minden lapban egyedi \u00e9s leny\u0171g\u00f6z\u0151 st\u00edlust hoz l\u00e9tre. Ez a term\u00e9szetes k\u0151 olyan nyugalom \u00e9s kifinomults\u00e1g \u00e9rzet\u00e9t testes\u00edti meg, amely b\u00e1rmilyen helyis\u00e9g k\u00f6rnyezet\u00e9t kieg\u00e9sz\u00edti.<\/span><\/li>\n<li><span style=\"font-family: arial, helvetica, sans-serif; font-size: 14pt; color: #000000;\">Carrara ma is a kort\u00e1rs \u00e9letben h\u00edres v\u00e1laszt\u00e1s a tervez\u00e9si anyagok k\u00f6z\u00f6tt, nyugtat\u00f3 megjelen\u00e9s\u00e9vel \u00e9s a Calacatta m\u00e1rv\u00e1nyn\u00e1l jelent\u0151sebb dr\u00e1mai erezet\u00e9vel. A nagyon erezett m\u00e1rv\u00e1nytervek \u00e9l\u00e9nk vizu\u00e1lis hat\u00e1st keltenek, \u00e9s mivel a m\u00e1rv\u00e1ny st\u00edlusos, h\u00edres a m\u00e1rv\u00e1ny munkalapokr\u00f3l, m\u00e1rv\u00e1ny padl\u00f3kr\u00f3l \u00e9s csempefel\u00fcletekr\u0151l.\u00a0<\/span><\/li>\n<li><span style=\"font-family: arial, helvetica, sans-serif; font-size: 14pt; color: #000000;\">Web-szer\u0171 sz\u00fcrke erezete teszi ezt a k\u0151t a legjobb v\u00e1laszt\u00e1ss\u00e1 b\u00e1rmilyen helyis\u00e9gbe, bele\u00e9rtve a konyh\u00e1kban, f\u00fcrd\u0151kben \u00e9s uszod\u00e1kban haszn\u00e1lt m\u00e1rv\u00e1ny munkalapot, mert az erezet egy leny\u0171g\u00f6z\u0151, m\u00e9gis l\u00e1gy l\u00e1tv\u00e1nyt t\u00fckr\u00f6z, ak\u00e1rcsak a Calacatta m\u00e1rv\u00e1ny. A k\u0151 olyan n\u00e9pszer\u0171, mint a gr\u00e1nit a h\u00e1ztart\u00e1sokban, \u00e9s Carrara sok h\u00e1ztart\u00e1si dekor\u00e1ci\u00f3s tervez\u0151nek els\u0151 sz\u00e1m\u00fa v\u00e1laszt\u00e1sa.<\/span><\/li>\n<li><span style=\"font-family: arial, helvetica, sans-serif; font-size: 14pt; color: #000000;\">Carrara-t csempek\u00e9nt is haszn\u00e1lnak, koronamint\u00e1kk\u00e1 faragnak, s\u00f6t\u00e9t helyis\u00e9gek finom kieg\u00e9sz\u00edt\u0151jek\u00e9nt vagy \u00faj term\u00e9kk\u00e9nt, farag\u00e1ssal \u00e9s v\u00e9s\u00e9ssel. A nagym\u00e9ret\u0171 m\u00e1rv\u00e1nydarabok fel\u00e1ll\u00edt\u00e1sa foly\u00e9kony hat\u00e1st kelt, amely remek\u00fcl m\u0171k\u00f6dik a konyh\u00e1kban \u00e9s a f\u00fcrd\u0151szob\u00e1kban.<\/span><\/li>\n<\/ul>\n<p><span style=\"font-family: arial, helvetica, sans-serif; font-size: 14pt; color: #000000;\">\u00d6sszefoglalva, a Bianco Carrara m\u00e1rv\u00e1nya igazi bizony\u00edt\u00e9k a term\u00e9szet alkot\u00e1sainak sz\u00e9ps\u00e9g\u00e9re. Finom erezete \u00e9s finom \u00e1rnyalatai id\u0151tlen sz\u00e9ps\u00e9get k\u00f6lcs\u00f6n\u00f6znek b\u00e1rmilyen belt\u00e9ri helyis\u00e9gnek. Ak\u00e1r nagyszab\u00e1s\u00fa \u00e9p\u00edt\u00e9szeti feladatokban, ak\u00e1r otthoni k\u00f6rnyezetben hangs\u00falyozott darabk\u00e9nt haszn\u00e1lj\u00e1k, a Bianco Carrara m\u00e1rv\u00e1ny tov\u00e1bbra is kedvelt v\u00e1laszt\u00e1s azok sz\u00e1m\u00e1ra, akik hagyom\u00e1nyos, bonyolult megjelen\u00e9st keresnek, amely ki\u00e1llja az id\u0151 pr\u00f3b\u00e1j\u00e1t.<\/span><\/p>\n<h4><span style=\"font-size: 18pt; color: #000000;\"><strong><span style=\"font-family: arial, helvetica, sans-serif;\">4. Mi\u00e9rt kiv\u00e1l\u00f3 a Bianco Carrara m\u00e1rv\u00e1ny?<\/span><\/strong><\/span><\/h4>\n<ul>\n<li><span style=\"color: #000000;\"><strong><span style=\"font-family: arial, helvetica, sans-serif; font-size: 14pt;\">Id\u0151tlen sz\u00e9ps\u00e9g<\/span><\/strong><\/span><\/li>\n<\/ul>\n<p><span style=\"font-family: arial, helvetica, sans-serif; font-size: 14pt; color: #000000;\">A Bianco Carrara m\u00e1rv\u00e1nyt sz\u00e9les k\u00f6rben ismerik az \u00f6r\u00f6k \u00e9let\u0171 ragyog\u00e1s\u00e1r\u00f3l \u00e9s eszt\u00e9tikai eleganci\u00e1j\u00e1r\u00f3l. A finom, feh\u00e9r k\u0151 \u00e9s a finom sz\u00fcrke erezet egy alul\u00e9rt\u00e9kelten kifinomult st\u00edlust sug\u00e1roz, amely luxust k\u00f6lcs\u00f6n\u00f6z b\u00e1rmilyen helyis\u00e9gnek.<\/span><\/p>\n<p><span style=\"font-family: arial, helvetica, sans-serif; font-size: 14pt; color: #000000;\">A Carrara m\u00e1rv\u00e1nyban felfedezett term\u00e9szetes st\u00edlusok \u00e9s sz\u00ednvari\u00e1ci\u00f3k teszik minden darabot egyediv\u00e9, lehet\u0151v\u00e9 t\u00e9ve, hogy egyedi \u00e9s exkluz\u00edv hangulatot teremtsen a h\u00e1z\u00e1ban.<\/span><\/p>\n<ul>\n<li><span style=\"color: #000000;\"><strong><span style=\"font-family: arial, helvetica, sans-serif; font-size: 14pt;\">Sokoldal\u00fas\u00e1g<\/span><\/strong><\/span><\/li>\n<\/ul>\n<p><span style=\"font-family: arial, helvetica, sans-serif; font-size: 14pt; color: #000000;\">Az egyik ok, ami\u00e9rt a Carrara m\u00e1rv\u00e1ny olyan n\u00e9pszer\u0171, a sokoldal\u00fas\u00e1ga. Ak\u00e1r egy \u00fcnnepi espressz\u00f3-asztalt, egy divatos \u00e9tkez\u0151asztalt vagy egy kultur\u00e1lt munkalapot szeretne l\u00e9trehozni, a Carrara m\u00e1rv\u00e1ny sz\u00e1mtalan lehet\u0151s\u00e9get ad.<\/span><\/p>\n<p><span style=\"font-family: arial, helvetica, sans-serif; font-size: 14pt; color: #000000;\">A sima \u00e9s pol\u00edrozott padl\u00f3 fokozza b\u00e1rmilyen berendez\u00e9s diz\u00e1jnj\u00e1nak eszt\u00e9tik\u00e1j\u00e1t, z\u00f6kken\u0151mentesen keveredik a k\u00fcl\u00f6nf\u00e9le mint\u00e1kkal, a hagyom\u00e1nyost\u00f3l a legmodernebbig.<\/span><\/p>\n<figure id=\"attachment_486631\" aria-describedby=\"caption-attachment-486631\" style=\"width: 500px\" class=\"wp-caption alignleft\"><img loading=\"lazy\" decoding=\"async\" class=\"wp-image-486631\" title=\"Carrara M\u00e1rv\u00e1ny Mozaik Fal Projektjei | Esta Stone\" src=\"http:\/\/whitemarblegranite.com\/wp-content\/uploads\/2023\/05\/Carrara-Marble-Mosaic-Wall-Projects-Esta-Stone.webp\" alt=\"Bianco Carrara feh\u00e9r m\u00e1rv\u00e1ny mozaikfal-projektek\" width=\"500\" height=\"364\" srcset=\"https:\/\/whitemarblegranite.com\/wp-content\/uploads\/2023\/05\/Carrara-Marble-Mosaic-Wall-Projects-Esta-Stone.webp 1100w, https:\/\/whitemarblegranite.com\/wp-content\/uploads\/2023\/05\/Carrara-Marble-Mosaic-Wall-Projects-Esta-Stone-300x218.webp 300w, https:\/\/whitemarblegranite.com\/wp-content\/uploads\/2023\/05\/Carrara-Marble-Mosaic-Wall-Projects-Esta-Stone-1024x745.webp 1024w, https:\/\/whitemarblegranite.com\/wp-content\/uploads\/2023\/05\/Carrara-Marble-Mosaic-Wall-Projects-Esta-Stone-768x559.webp 768w\" sizes=\"(max-width: 500px) 100vw, 500px\" \/><figcaption id=\"caption-attachment-486631\" class=\"wp-caption-text\"><span style=\"color: #000000;\">Bianco Carrara feh\u00e9r m\u00e1rv\u00e1ny mozaikfal-projektek<\/span><\/figcaption><\/figure>\n<ul>\n<li><span style=\"color: #000000;\"><strong><span style=\"font-family: arial, helvetica, sans-serif; font-size: 14pt;\">Tart\u00f3ss\u00e1g<\/span><\/strong><\/span><\/li>\n<\/ul>\n<p><span style=\"font-family: arial, helvetica, sans-serif; font-size: 14pt; color: #000000;\">Ez a m\u00e1rv\u00e1nyk\u0151 hihetetlen\u00fcl tart\u00f3s \u00e9s ellen\u00e1ll\u00f3 a karcol\u00e1sokkal \u00e9s reped\u00e9sekkel szemben, \u00edgy a legjobb a h\u00e1z magas l\u00e1togat\u00f3i ter\u00fcletein. Ez\u00e9rt haszn\u00e1lj\u00e1k rendszeresen \u00e9tkez\u0151asztalokhoz \u00e9s munkalapokhoz: az elektromoss\u00e1g \u00e9s a tart\u00f3ss\u00e1g miatt.<\/span><\/p>\n<p><span style=\"font-family: arial, helvetica, sans-serif; font-size: 14pt; color: #000000;\">Megfelel\u0151 gondoz\u00e1s \u00e9s v\u00e9delem mellett a Bianco Carrara m\u00e1rv\u00e1ny b\u00fatorok ki\u00e1llj\u00e1k az id\u0151 pr\u00f3b\u00e1j\u00e1t \u00e9s gener\u00e1ci\u00f3kon \u00e1t meg\u0151rzik eredeti sz\u00e9ps\u00e9g\u00fcket.<\/span><\/p>\n<ul>\n<li><span style=\"color: #000000;\"><strong><span style=\"font-family: arial, helvetica, sans-serif; font-size: 14pt;\">H\u0171v\u00f6s tapint\u00e1s\u00fa<\/span><\/strong><\/span><\/li>\n<\/ul>\n<p><span style=\"font-family: arial, helvetica, sans-serif; font-size: 14pt; color: #000000;\">A Carrara m\u00e1rv\u00e1ny egyedi st\u00edlusa kiemeli a t\u00f6bbi anyag k\u00f6z\u00fcl \u2013 h\u0171v\u00f6s marad a tapint\u00e1sra, m\u00e9g forr\u00f3 kl\u00edm\u00e1ban is. Ez\u00e9rt a konyhai munkalapok \u00e9s a f\u00fcrd\u0151szobai mosd\u00f3kagyl\u00f3k kedvelt v\u00e1laszt\u00e1sa, tiszta \u00e9s k\u00e9nyelmes fel\u00fcletet biztos\u00edtva az \u00e9telek elk\u00e9sz\u00edt\u00e9s\u00e9hez vagy a priv\u00e1t tiszt\u00e1lkod\u00e1shoz.<\/span><\/p>\n<ul>\n<li><span style=\"color: #000000;\"><strong><span style=\"font-family: arial, helvetica, sans-serif; font-size: 14pt;\">K\u00f6nny\u0171 fenntart\u00e1s<\/span><\/strong><\/span><\/li>\n<\/ul>\n<p><span style=\"font-family: arial, helvetica, sans-serif; font-size: 14pt; color: #000000;\">A n\u00e9pszer\u0171 v\u00e9leked\u00e9ssel ellent\u00e9tben a Carrara m\u00e1rv\u00e1ny rendk\u00edv\u00fcl k\u00f6nnyen karbantarthat\u00f3. Mindazon\u00e1ltal fontos, hogy rendszeresen tiszt\u00edtsuk enyhe tiszt\u00edt\u00f3szappannal, v\u00edzl\u00e1gy\u00edt\u00f3val \u00e9s nedvsz\u00edv\u00f3 anyaggal, hogy meg\u0151rizz\u00fck f\u00e9nyes megjelen\u00e9s\u00e9t.<\/span><\/p>\n<p><span style=\"font-family: arial, helvetica, sans-serif; font-size: 14pt; color: #000000;\">Ker\u00fclj\u00fck a kem\u00e9ny k\u00e9miai vegy\u00fcletek vagy a d\u00f6rzs\u00f6l\u0151 tiszt\u00edt\u00f3szerek haszn\u00e1lat\u00e1t, amelyek k\u00e1ros\u00edthatj\u00e1k a fel\u00fcletet. Emellett \u00e9vente n\u00e9h\u00e1ny alkalommal haszn\u00e1ljunk t\u00f6m\u00edt\u0151anyagot, hogy megv\u00e9dj\u00fck a m\u00e1rv\u00e1nyt a foltokt\u00f3l \u00e9s meg\u0151rizz\u00fck a f\u00e9ny\u00e9t.<\/span><\/p>\n<h5><span style=\"color: #000000;\"><strong><span style=\"font-family: arial, helvetica, sans-serif; font-size: 14pt;\">4.2 Mennyire tart\u00f3s a Carrara m\u00e1rv\u00e1ny?<\/span><\/strong><\/span><\/h5>\n<p><span style=\"font-family: arial, helvetica, sans-serif; font-size: 14pt; color: #000000;\">Sokan azon t\u0171n\u0151dnek, hogy meg\u00e9ri-e Carrara-m\u00e1rv\u00e1ny munkalapot beszerezni. Ha a megfelel\u0151 gondoz\u00e1si \u00e9s fenntart\u00e1si strat\u00e9gi\u00e1kat alkalmazzuk, akkor a beruh\u00e1z\u00e1sunk mindig st\u00edlusos marad. Ne feledj\u00fck: ezt a k\u00f6vet m\u00e1r sok \u00e9ve is haszn\u00e1lt\u00e1k, \u00edgy sz\u00e1mos lehet\u0151s\u00e9g\u00fcnk van annak ragyog\u00e1s\u00e1nak meg\u0151rz\u00e9s\u00e9re.<\/span><\/p>\n<p><span style=\"font-family: arial, helvetica, sans-serif; font-size: 14pt; color: #000000;\">De m\u00e9g mindig felmer\u00fcl a k\u00e9rd\u00e9s: a Carrara-m\u00e1rv\u00e1ny por\u00f3zus? Gyorsan foltosodik a Carrara-m\u00e1rv\u00e1ny? N\u00e9zz\u00fck meg a Carrara-m\u00e1rv\u00e1ny munkalapok val\u00f3s el\u0151nyeit \u00e9s h\u00e1tr\u00e1nyait.<\/span><\/p>\n<ul>\n<li><span style=\"color: #000000;\"><strong><span style=\"font-family: arial, helvetica, sans-serif; font-size: 14pt;\">1. A f\u00e9ny elveszt\u00e9se<\/span><\/strong><\/span><\/li>\n<\/ul>\n<p><span style=\"font-family: arial, helvetica, sans-serif; font-size: 14pt; color: #000000;\">Mennyi a val\u00f3sz\u00edn\u0171s\u00e9ge annak, hogy a Carrara-m\u00e1rv\u00e1ny elveszti a csillog\u00e1s\u00e1t? K\u00f6ztudott, hogy a m\u00e1rv\u00e1nyok elvesz\u00edtik a pol\u00edrozotts\u00e1gukat. Konkr\u00e9tan a Carrara-m\u00e1rv\u00e1ny sim\u00e1bb \u00e9s l\u00e1gyabb, mint a gr\u00e1nit, ez\u00e9rt id\u0151vel elvesz\u00edti term\u00e9szetes f\u00e9ny\u00e9t, \u00e9s ennek nyomai elker\u00fclhetetlenek. Szak\u00e9rt\u0151k seg\u00edts\u00e9g\u00e9vel jav\u00edtani lehet a fel\u00fcletet, ha van k\u0151csiszol\u00f3 \u00e9s lakkunk. Mindazon\u00e1ltal a legt\u00f6bb esetben szeretn\u00e9nk, hogy a padl\u00f3 tiszt\u00e1n maradjon, ne gy\u0171lj\u00f6n r\u00e1 por.<\/span><\/p>\n<ul>\n<li><span style=\"color: #000000;\"><strong><span style=\"font-family: arial, helvetica, sans-serif; font-size: 14pt;\">2. Karcok<\/span><\/strong><\/span><\/li>\n<\/ul>\n<p><span style=\"font-family: arial, helvetica, sans-serif; font-size: 14pt; color: #000000;\">Mennyi a val\u00f3sz\u00edn\u0171s\u00e9ge annak, hogy a Carrara-m\u00e1rv\u00e1ny karcol\u00f3dik? Azokban az esetekben keletkeznek karcok, amikor savas anyagok \u2013 jellemz\u0151en folyad\u00e9kok \u2013 ker\u00fclnek a feh\u00e9r Carrara-m\u00e1rv\u00e1nyra. A legegyszer\u0171bb dolog, amit tehet\u00fcnk, hogy nem \u00e9rintj\u00fck a m\u00e1rv\u00e1nyt semmilyen savas tiszt\u00edt\u00f3val vagy vegyszerekkel. Ilyen lehet a WC-tiszt\u00edt\u00f3 vagy a mosd\u00f3 tiszt\u00edt\u00f3, az \u00e9telek \u00e9s az olyan italok, mint a narancs, a citrom stb. Egy k\u00f6nny\u0171 karcol\u00e1st elt\u00fcntethet\u00fcnk m\u00e1rv\u00e1ny\u00e9lez\u0151 porral, ha nem m\u00e9lyed be.<\/span><\/p>\n<figure id=\"attachment_473055\" aria-describedby=\"caption-attachment-473055\" style=\"width: 1100px\" class=\"wp-caption alignnone\"><img loading=\"lazy\" decoding=\"async\" class=\"wp-image-473055 size-full\" title=\"Bianco Carrara M\u00e1rv\u00e1ny Kereskedelmi \u00c9p\u00fclet Projektjei | Esta Stone\" src=\"http:\/\/whitemarblegranite.com\/wp-content\/uploads\/2023\/05\/Bianco-Carrara-Marble-Commercial-Building-Projects-Esta-Stone.jpg\" alt=\"Bianco Carrara feh\u00e9r m\u00e1rv\u00e1ny k\u00f6z\u00f6ss\u00e9gi mosd\u00f3- \u00e9s l\u00e9pcs\u0151projektek\" width=\"1100\" height=\"626\" srcset=\"https:\/\/whitemarblegranite.com\/wp-content\/uploads\/2023\/05\/Bianco-Carrara-Marble-Commercial-Building-Projects-Esta-Stone.jpg 1100w, https:\/\/whitemarblegranite.com\/wp-content\/uploads\/2023\/05\/Bianco-Carrara-Marble-Commercial-Building-Projects-Esta-Stone-300x171.jpg 300w, https:\/\/whitemarblegranite.com\/wp-content\/uploads\/2023\/05\/Bianco-Carrara-Marble-Commercial-Building-Projects-Esta-Stone-1024x583.jpg 1024w, https:\/\/whitemarblegranite.com\/wp-content\/uploads\/2023\/05\/Bianco-Carrara-Marble-Commercial-Building-Projects-Esta-Stone-768x437.jpg 768w\" sizes=\"(max-width: 1100px) 100vw, 1100px\" \/><figcaption id=\"caption-attachment-473055\" class=\"wp-caption-text\"><span style=\"color: #000000;\">Bianco Carrara feh\u00e9r m\u00e1rv\u00e1ny k\u00f6z\u00f6ss\u00e9gi mosd\u00f3- \u00e9s l\u00e9pcs\u0151projektek<\/span><\/figcaption><\/figure>\n<ul>\n<li><span style=\"color: #000000;\"><strong><span style=\"font-family: arial, helvetica, sans-serif; font-size: 14pt;\">3. Foltosod\u00e1s<\/span><\/strong><\/span><\/li>\n<\/ul>\n<p><span style=\"font-family: arial, helvetica, sans-serif; font-size: 14pt; color: #000000;\">Mennyi a val\u00f3sz\u00edn\u0171s\u00e9ge annak, hogy a Carrara-m\u00e1rv\u00e1ny foltos lesz? A term\u00e9szetes \u00e9p\u00edt\u0151k\u00f6vek, mint a m\u00e1rv\u00e1ny, sokkal fog\u00e9konyabbak a foltokra, mint a gr\u00e1nit. Ennek az az oka, hogy a m\u00e1rv\u00e1ny por\u00f3zus, \u00e9s a legt\u00f6bb \u00e9tel, ital, olaj \u00e9s rozsda foltot hagy a m\u00e1rv\u00e1nyon. Az egyik legfontosabb \u00f3vint\u00e9zked\u00e9s, hogy b\u00e1rmilyen foltot azonnal tiszt\u00edtsunk meg. Ne engedj\u00fck, hogy be\u00e1lljon. Ez\u00e9rt att\u00f3l f\u00fcgg\u0151en, hogy milyen m\u00f3don haszn\u00e1ljuk, legal\u00e1bb 12 havonta egyszer vagy gyakrabban kell egy v\u00e9delmet alkalmaznunk.<\/span><\/p>\n<ul>\n<li><span style=\"font-family: arial, helvetica, sans-serif; font-size: 14pt; color: #000000;\"><strong>4. S\u00e1rgul\u00e1s<\/strong><\/span><\/li>\n<\/ul>\n<p><span style=\"font-family: arial, helvetica, sans-serif; font-size: 14pt; color: #000000;\">Mennyi a val\u00f3sz\u00edn\u0171s\u00e9ge annak, hogy a Carrara-m\u00e1rv\u00e1ny s\u00e1rgul? A s\u00e1rgul\u00e1s t\u00f6bb okb\u00f3l is bek\u00f6vetkezhet \u2013 a be\u00e1gyaz\u00f3dott piszok \u00e9s kosz a leggyakoribb okai a s\u00e1rga \u00e9s koszos megjelen\u00e9snek. Emellett, ha viaszokat vagy bevonatokat visznek fel a feh\u00e9r m\u00e1rv\u00e1nyra, az is s\u00e1rgul\u00e1st okozhat. A feh\u00e9r m\u00e1rv\u00e1nyok id\u0151vel term\u00e9szetesen s\u00e1rgulnak a benne l\u00e9v\u0151 n\u00f6v\u00e9nyi vas tartalom miatt, ami id\u0151vel oxid\u00e1l\u00f3dik. Ez a jelens\u00e9g fokoz\u00f3dik, ha olyan nedves helyeken haszn\u00e1ljuk, mint a mosd\u00f3k.<\/span><\/p>\n<ul>\n<li>\n<h5><span style=\"color: #000000;\"><strong><span style=\"font-family: arial, helvetica, sans-serif; font-size: 14pt;\">4.3 Mire figyelj\u00fcnk a feh\u00e9r Carrara-m\u00e1rv\u00e1ny eset\u00e9ben<\/span><\/strong><\/span><\/h5>\n<\/li>\n<\/ul>\n<p><span style=\"font-family: arial, helvetica, sans-serif; font-size: 14pt; color: #000000;\">A b\u00fatorainkhoz megfelel\u0151 m\u00e1rv\u00e1ny kiv\u00e1laszt\u00e1sa, v\u00e1laszt\u00e1s <strong><a href=\"https:\/\/whitemarblegranite.com\/hu\/product\/white-carrara-marble\/\">Feh\u00e9r Carrara-m\u00e1rv\u00e1ny<\/a><\/strong> elengedhetetlen, mert nagym\u00e9rt\u00e9kben befoly\u00e1solhatja a darab eszt\u00e9tik\u00e1j\u00e1t \u00e9s szerkezeti integrit\u00e1s\u00e1t.\u00a0<\/span><\/p>\n<ol>\n<li><span style=\"font-family: arial, helvetica, sans-serif; font-size: 14pt; color: #000000;\">A megfelel\u0151 min\u0151s\u00e9g\u0171 feh\u00e9r Carrara-m\u00e1rv\u00e1nyt kiv\u00e1l\u00f3, egyenletes text\u00fara \u00e9s minim\u00e1lis szennyez\u0151d\u00e9sek jellemezik. Keress\u00fcnk olyan lapokat, amelyekn\u00e9l a rajzolatok egyenletesen vannak elosztva, \u00e9s egyenletes \u00e1rnyalatot mutatnak. \u00c9ppen ellenkez\u0151leg, a rossz min\u0151s\u00e9g\u0171 m\u00e1rv\u00e1nyokn\u00e1l t\u00falzott reped\u00e9sek, foltok vagy egyenetlen rajzolatok fordulhatnak el\u0151.<\/span><\/li>\n<li><span style=\"font-family: arial, helvetica, sans-serif; font-size: 14pt; color: #000000;\">Emellett a megfelel\u0151 min\u0151s\u00e9g\u0171 m\u00e1rv\u00e1nyt a tisztas\u00e1g\u00e1nak vizsg\u00e1lat\u00e1val is felismerhetj\u00fck. Tartsunk egy vil\u00e1g\u00edt\u00f3forr\u00e1st, p\u00e9ld\u00e1ul egy zsebl\u00e1mp\u00e1t a m\u00e1rv\u00e1nylap h\u00e1tulj\u00e1n, hogy megn\u00e9zz\u00fck, \u00e1tjut-e n\u00e9mi f\u00e9ny rajta. A feh\u00e9r Carrara-m\u00e1rv\u00e1ny hajlamos bizonyos m\u00e9rt\u00e9kig \u00e1tl\u00e1tsz\u00f3nak lenni, m\u00edg a rossz min\u0151s\u00e9g\u0171 m\u00e1rv\u00e1nyok h\u00e1tt\u00e9rvil\u00e1g\u00edt\u00e1s mellett tomp\u00e1nak vagy op\u00e1knak t\u0171nhetnek.<\/span><\/li>\n<li><span style=\"font-family: arial, helvetica, sans-serif; font-size: 14pt; color: #000000;\">A feh\u00e9r Carrara-m\u00e1rv\u00e1ny egyedi rajzolatair\u00f3l ismert. Att\u00f3l f\u00fcgg\u0151en, hogy milyen hangulatot szeretn\u00e9nk, v\u00e1laszthatunk finom, l\u00e9gies rajzolatokat, amelyek eleg\u00e1ns \u00e9s visszafogott megjelen\u00e9st k\u00f6lcs\u00f6n\u00f6znek, vagy v\u00e1laszthatunk egy darabot nagyobb dr\u00e1mai, kiemelt rajzolatokkal, amelyek egy kifejez\u0151 darabot eredm\u00e9nyeznek.<\/span><\/li>\n<\/ol>\n<figure id=\"attachment_494220\" aria-describedby=\"caption-attachment-494220\" style=\"width: 1100px\" class=\"wp-caption alignnone\"><img loading=\"lazy\" decoding=\"async\" class=\"size-full wp-image-494220\" title=\"Bianco Carrara m\u00e1rv\u00e1ny munkalapok\" src=\"http:\/\/whitemarblegranite.com\/wp-content\/uploads\/2023\/11\/Bianco-Carrara-Marble-Countertops.webp\" alt=\"Bianco Carrara m\u00e1rv\u00e1ny munkalapok\" width=\"1100\" height=\"670\" srcset=\"https:\/\/whitemarblegranite.com\/wp-content\/uploads\/2023\/11\/Bianco-Carrara-Marble-Countertops.webp 1100w, https:\/\/whitemarblegranite.com\/wp-content\/uploads\/2023\/11\/Bianco-Carrara-Marble-Countertops-300x183.webp 300w, https:\/\/whitemarblegranite.com\/wp-content\/uploads\/2023\/11\/Bianco-Carrara-Marble-Countertops-1024x624.webp 1024w, https:\/\/whitemarblegranite.com\/wp-content\/uploads\/2023\/11\/Bianco-Carrara-Marble-Countertops-768x468.webp 768w, https:\/\/whitemarblegranite.com\/wp-content\/uploads\/2023\/11\/Bianco-Carrara-Marble-Countertops-18x12.webp 18w\" sizes=\"(max-width: 1100px) 100vw, 1100px\" \/><figcaption id=\"caption-attachment-494220\" class=\"wp-caption-text\"><span style=\"color: #000000;\">Bianco Carrara m\u00e1rv\u00e1ny munkalapok<\/span><\/figcaption><\/figure>\n<p><span style=\"font-family: arial, helvetica, sans-serif; font-size: 14pt; color: #000000;\">B\u00e1r a Carrara-m\u00e1rv\u00e1ny els\u0151sorban feh\u00e9r, sz\u00fcrke rajzolatokkal, vannak v\u00e1ltozatok a sz\u00edn\u00e1rnyalatok \u00e9s alapsz\u00ednek ter\u00e9n. Ezek a v\u00e1ltozatok magukban foglalj\u00e1k a f\u00e9nyes feh\u00e9ret, a sz\u00fcrk\u00e9t, a b\u00e9zs\u00e9t, valamint a k\u00e9k vagy z\u00f6ld alapsz\u00edneket. Fontos, hogy eml\u00e9kezz\u00fcnk a t\u00e9r\u00fcnk sz\u00ednpalett\u00e1j\u00e1ra, \u00e9s olyan darabot v\u00e1lasszunk, amely j\u00f3l harmoniz\u00e1l a k\u00f6rnyez\u0151 elemekkel.<\/span><\/p>\n<h4><span style=\"color: #000000;\"><strong><span style=\"font-family: arial, helvetica, sans-serif; font-size: 14pt;\">5. Az olasz Carrara-m\u00e1rv\u00e1ny el\u0151nyei \u00e9s h\u00e1tr\u00e1nyai a munkalapok \u00e9s csempe eset\u00e9ben<\/span><\/strong><\/span><\/h4>\n<p><span style=\"font-family: arial, helvetica, sans-serif; font-size: 14pt; color: #000000;\">Az olasz Carrara-m\u00e1rv\u00e1ny hagyom\u00e1nyos v\u00e1gy a munkalapok ter\u00e9n; azonban nem mindenki vagy minden k\u00f6r\u00fclm\u00e9ny sz\u00e1m\u00e1ra ide\u00e1lis v\u00e1laszt\u00e1s.<\/span><\/p>\n<ul>\n<li>\n<h5><span style=\"color: #000000;\"><strong><span style=\"font-family: arial, helvetica, sans-serif; font-size: 14pt;\">5.1 A Carrara-m\u00e1rv\u00e1ny munkalapok sz\u00e1mos el\u0151nnyel rendelkeznek:\u00a0\u00a0<\/span><\/strong><\/span><\/h5>\n<\/li>\n<li><span style=\"font-family: arial, helvetica, sans-serif; font-size: 14pt; color: #000000;\">El\u0151sz\u00f6r is, konvencion\u00e1lis \u00e9s divatos megjelen\u00e9s\u00fck van, amely nehezen kopik, \u00e9s kontrasztban \u00e1ll a vonz\u00f3 rajzolatokkal, amelyek term\u00e9szetes text\u00far\u00e1t k\u00f6lcs\u00f6n\u00f6znek a konyh\u00e1nak vagy a mosd\u00f3nak.\u00a0 <\/span><\/li>\n<li><span style=\"font-family: arial, helvetica, sans-serif; font-size: 14pt; color: #000000;\">M\u00e1sodszor, ha ezt a k\u00f6vet haszn\u00e1ljuk a konyha vagy a mosd\u00f3 munkalapj\u00e1n, az ingatlanunk \u00e9rt\u00e9k\u00e9t n\u00f6velheti, \u00e9s m\u00e9g vonz\u00f3bb\u00e1 teszi a vev\u0151k sz\u00e1m\u00e1ra.\u00a0 <\/span><\/li>\n<li><span style=\"font-family: arial, helvetica, sans-serif; font-size: 14pt; color: #000000;\">Harmadszor, a megfelel\u0151 gondoz\u00e1s mellett a m\u00e1rv\u00e1ny \u00e9vtizedekig kitart \u00e9s gy\u00f6ny\u00f6r\u0171 marad.\u00a0 <\/span><\/li>\n<li><span style=\"font-family: arial, helvetica, sans-serif; font-size: 14pt; color: #000000;\">Negyedszer, az olasz Carrara-m\u00e1rv\u00e1ny a legolcs\u00f3bb m\u00e1rv\u00e1nyfajt\u00e1k k\u00f6z\u00f6tt van, \u00edgy kedvez\u0151 \u00e1ron v\u00e1laszthat\u00f3, ha valaki m\u00e1rv\u00e1ny munkalapot szeretne.\u00a0 <\/span><\/li>\n<\/ul>\n<p><span style=\"font-family: arial, helvetica, sans-serif; font-size: 14pt; color: #000000;\">Ultimat\u0435ly,\u00a0 <strong><a href=\"https:\/\/whitemarblegranite.com\/hu\/product\/italian-carrara-white-marble\/\">Olasz carrara feh\u00e9r m\u00e1rv\u00e1ny<\/a><\/strong> hidegen marad a tapint\u00e1sra, \u00edgy remek fest\u0151fel\u00fclet a f\u0151z\u00e9shez, ak\u00e1r a forr\u00f3 ed\u00e9nyekkel is. Azonban nem mindig ellen\u00e1ll minden h\u0151nek, ez\u00e9rt ne tegy\u00fck a forr\u00f3 ed\u00e9nyt a m\u00e1rv\u00e1nyfel\u00fcletre.\u00a0<\/span><\/p>\n<ul>\n<li>\n<h5><span style=\"color: #000000;\"><strong><span style=\"font-family: arial, helvetica, sans-serif; font-size: 14pt;\">5.2 A Carrara-m\u00e1rv\u00e1ny munkalapoknak n\u00e9h\u00e1ny h\u00e1tr\u00e1nyuk is van:<\/span><\/strong><\/span><\/h5>\n<\/li>\n<\/ul>\n<ol>\n<li><span style=\"font-family: arial, helvetica, sans-serif; font-size: 14pt; color: #000000;\">El\u0151sz\u00f6r is, egy puha \u00e9s por\u00f3zus anyagb\u00f3l k\u00e9sz\u00fclhetnek, amely k\u00f6nnyen horpadhat \u00e9s karcol\u00f3dhat, \u00e9s foltosodhat, ha paradicsomsz\u00f3sz vagy bor ker\u00fcl a munkalapokra.\u00a0 <\/span><\/li>\n<li><span style=\"font-family: arial, helvetica, sans-serif; font-size: 14pt; color: #000000;\">M\u00e1sodszor, a m\u00e1rv\u00e1ny fel\u00fclete karcoss\u00e1 v\u00e1lhat vagy matt\u00e1 kopik, ha savas anyagokat, p\u00e9ld\u00e1ul citruslevet hagyunk a munkalapokon.\u00a0 <\/span><\/li>\n<li><span style=\"font-family: arial, helvetica, sans-serif; font-size: 14pt; color: #000000;\">Harmadszor, a m\u00e1s anyagokb\u00f3l, p\u00e9ld\u00e1ul fa, lamin\u00e1t \u00e9s kvarcb\u00f3l k\u00e9sz\u00fclt munkalapokhoz k\u00e9pest a Carrara-m\u00e1rv\u00e1ny munkalapok dr\u00e1g\u00e1bbak.\u00a0 <\/span><\/li>\n<li><span style=\"font-family: arial, helvetica, sans-serif; font-size: 14pt; color: #000000;\">V\u00e9g\u00fcl, ezek a munkalapok rendszeres gondoz\u00e1st ig\u00e9nyelnek ahhoz, hogy mindig gy\u00f6ny\u00f6r\u0171ek maradjanak, ami azt jelenti, hogy nem alacsony gondoz\u00e1si ig\u00e9ny\u0171ek.\u00a0<\/span><\/li>\n<\/ol>\n<figure id=\"attachment_494221\" aria-describedby=\"caption-attachment-494221\" style=\"width: 1100px\" class=\"wp-caption alignnone\"><img loading=\"lazy\" decoding=\"async\" class=\"size-full wp-image-494221\" title=\"Bianco Carrara m\u00e1rv\u00e1ny hotel mosd\u00f3 projektek Esta Stone\" src=\"http:\/\/whitemarblegranite.com\/wp-content\/uploads\/2023\/11\/Bianco-Carrara-Marble-Hotel-Washroom-Projects-Esta-Stone.webp\" alt=\"Bianco Carrara m\u00e1rv\u00e1ny hotel mosd\u00f3 projektek Esta Stone\" width=\"1100\" height=\"670\" srcset=\"https:\/\/whitemarblegranite.com\/wp-content\/uploads\/2023\/11\/Bianco-Carrara-Marble-Hotel-Washroom-Projects-Esta-Stone.webp 1100w, https:\/\/whitemarblegranite.com\/wp-content\/uploads\/2023\/11\/Bianco-Carrara-Marble-Hotel-Washroom-Projects-Esta-Stone-300x183.webp 300w, https:\/\/whitemarblegranite.com\/wp-content\/uploads\/2023\/11\/Bianco-Carrara-Marble-Hotel-Washroom-Projects-Esta-Stone-1024x624.webp 1024w, https:\/\/whitemarblegranite.com\/wp-content\/uploads\/2023\/11\/Bianco-Carrara-Marble-Hotel-Washroom-Projects-Esta-Stone-768x468.webp 768w, https:\/\/whitemarblegranite.com\/wp-content\/uploads\/2023\/11\/Bianco-Carrara-Marble-Hotel-Washroom-Projects-Esta-Stone-18x12.webp 18w\" sizes=\"(max-width: 1100px) 100vw, 1100px\" \/><figcaption id=\"caption-attachment-494221\" class=\"wp-caption-text\"><span style=\"color: #000000;\">Bianco Carrara m\u00e1rv\u00e1ny hotel mosd\u00f3 projektek Esta Stone<\/span><\/figcaption><\/figure>\n<p><span style=\"font-family: arial, helvetica, sans-serif; font-size: 14pt; color: #000000;\">\u00d6sszess\u00e9g\u00e9ben a Carrara-m\u00e1rv\u00e1ny k\u00e9ts\u00e9gtelen\u00fcl az egyik els\u0151rang\u00fa konyhai munkalapanyag a diz\u00e1jn \u00e9s a sz\u00ednv\u00e1laszt\u00e1s ter\u00e9n. Ezt a term\u00e9szetes k\u00f6vet m\u00e9g a legdr\u00e1g\u00e1bb \u00e9ttermekben, panzi\u00f3kban \u00e9s f\u00fcrd\u0151kben is haszn\u00e1lj\u00e1k szerte a vil\u00e1gon, \u00e9s biztosan az egyik legszebb anyag a konyhai munkalapokhoz.<\/span><\/p>\n<ul>\n<li>\n<h6><span style=\"color: #000000;\"><strong><span style=\"font-family: arial, helvetica, sans-serif; font-size: 14pt;\">5.3 A Carrara-m\u00e1rv\u00e1ny munkalap el\u0151nyei vagy el\u0151ny\u00f6k:<\/span><\/strong><\/span><\/h6>\n<\/li>\n<\/ul>\n<p><span style=\"font-family: arial, helvetica, sans-serif; font-size: 14pt; color: #000000;\">A m\u00e1rv\u00e1ny dr\u00e1ga \u00e9s luxus megjelen\u00e9st k\u00f6lcs\u00f6n\u00f6z. Azonban \u0151szint\u00e9n megfigyelhet\u0151, hogy sokkal kev\u00e9sb\u00e9 dr\u00e1ga lehet, mint v\u00e1rt\u00e1k. Amikor egy Carrara-m\u00e1rv\u00e1ny munkalapot hat\u00e9konyan \u00e1ll\u00edtanak \u00f6ssze egy rendk\u00edv\u00fcl k\u00e9pzett szak\u00e9rt\u0151 seg\u00edts\u00e9g\u00e9vel, hossz\u00fa \u00e9lettartam\u00fa lehet \u00e9s sok\u00e1ig kitart. A m\u00e1rv\u00e1ny munkalapok strapab\u00edr\u00f3ak \u00e9s csak nehezen s\u00e9r\u00fclnek. H\u0151\u00e1ll\u00f3ak, \u00edgy nem kell agg\u00f3dni a forr\u00f3 ed\u00e9nyek vagy t\u00e1lak padl\u00f3ra helyez\u00e9se miatt. A m\u00e1rv\u00e1ny term\u00e9szetesen h\u0171v\u00f6s is, \u00edgy t\u00f6k\u00e9letes s\u00fct\u00e9shez, mert a liszt nem tapad r\u00e1, \u00e9s az anyagok nyugodtak maradnak. A Carrara-m\u00e1rv\u00e1ny munkalapok a legismertebb m\u00e1rv\u00e1nylog\u00f3k \u00e9s sok ember \u00e1lma, amikor a konyh\u00e1jukat \u00faj\u00edtj\u00e1k fel.<\/span><\/p>\n<h4><span style=\"font-size: 18pt; color: #000000;\"><strong><span style=\"font-family: arial, helvetica, sans-serif;\">6. Hol alkalmazhat\u00f3 a Bianco Carrara feh\u00e9r m\u00e1rv\u00e1ny ingatlanprojektekben (otthonok | vill\u00e1k | palot\u00e1k)<\/span><\/strong><\/span><\/h4>\n<ul>\n<li><span style=\"font-family: arial, helvetica, sans-serif; font-size: 14pt; color: #000000;\"><span style=\"font-family: arial, helvetica, sans-serif; font-size: 14pt;\">A konyha az otthon sz\u00edve, \u00e9s meg\u00e9rdemli a legegyszer\u0171bb, de min\u0151s\u00e9gi anyagokat. A Bianco Carrara remek v\u00e1laszt\u00e1s, hogy feldobja a konyh\u00e1t, eleganci\u00e1t k\u00f6lcs\u00f6n\u00f6z a sima, f\u00fcst\u00f6s mint\u00e1zat\u00fa erezettel a makul\u00e1tlan feh\u00e9r alapon. A Bianco Carrara egy\u00e9bk\u00e9nt meglep\u0151en praktikus. A m\u00e1rv\u00e1ny h\u0151\u00e1ll\u00f3, k\u00f6nnyen tiszt\u00edthat\u00f3 \u00e9s a bevonat ut\u00e1n rendszeres haszn\u00e1latot is b\u00edr.<\/span><\/span>\n<p><figure id=\"attachment_473000\" aria-describedby=\"caption-attachment-473000\" style=\"width: 500px\" class=\"wp-caption alignright\"><img loading=\"lazy\" decoding=\"async\" class=\"wp-image-473000\" title=\"Bianco Carrara feh\u00e9r m\u00e1rv\u00e1ny padl\u00f3csempe\" src=\"http:\/\/whitemarblegranite.com\/wp-content\/uploads\/2023\/05\/Bianco-Carrara-White-Marble-Floor-Tile.jpg\" alt=\"Bianco Carrara m\u00e1rv\u00e1ny csempe\" width=\"500\" height=\"500\" srcset=\"https:\/\/whitemarblegranite.com\/wp-content\/uploads\/2023\/05\/Bianco-Carrara-White-Marble-Floor-Tile.jpg 800w, https:\/\/whitemarblegranite.com\/wp-content\/uploads\/2023\/05\/Bianco-Carrara-White-Marble-Floor-Tile-300x300.jpg 300w, https:\/\/whitemarblegranite.com\/wp-content\/uploads\/2023\/05\/Bianco-Carrara-White-Marble-Floor-Tile-150x150.jpg 150w, https:\/\/whitemarblegranite.com\/wp-content\/uploads\/2023\/05\/Bianco-Carrara-White-Marble-Floor-Tile-768x768.jpg 768w\" sizes=\"(max-width: 500px) 100vw, 500px\" \/><figcaption id=\"caption-attachment-473000\" class=\"wp-caption-text\"><span style=\"color: #000000;\">Bianco Carrara m\u00e1rv\u00e1ny csempe<\/span><\/figcaption><\/figure><\/li>\n<li><span style=\"font-family: arial, helvetica, sans-serif; font-size: 14pt; color: #000000;\">A Bianco Carrara legink\u00e1bb v\u00e9c\u00e9berendez\u00e9sre alkalmas. Ak\u00e1r falpanelek\u00e9nt, zuhanyfalak\u00e9nt, csemp\u00e9kk\u00e9nt vagy \u00f6bl\u00edt\u0151fejek\u00e9nt haszn\u00e1lj\u00e1k, rendk\u00edv\u00fclinek t\u0171nik \u00e9s tisztas\u00e1g, tisztas\u00e1g \u00e9s frissess\u00e9g \u00e9rzet\u00e9t kelti. A m\u00e1rv\u00e1ny k\u00fcl\u00f6nb\u00f6z\u0151 m\u00e9ret\u0171 lapokra \u00e9s t\u00e1bl\u00e1kra darabolhat\u00f3, \u00e9s a diff\u00faz mint\u00e1zata \u00e9rdekess\u00e9get \u00e9s pomp\u00e1t k\u00f6lcs\u00f6n\u00f6z a mosd\u00f3ba, t\u00f6k\u00e9letes a f\u00fcrd\u0151k\u00e1dban val\u00f3 hosszabb id\u0151t\u00f6lt\u00e9shez.<\/span><\/li>\n<li><span style=\"font-family: arial, helvetica, sans-serif; font-size: 14pt; color: #000000;\">A Bianco Carrara kiv\u00e1l\u00f3 padl\u00f3burkolat is. A feh\u00e9r m\u00e1rv\u00e1nyok k\u00f6z\u00f6tt kiemelked\u0151en rangos, mert pont annyi erezetet ad, amennyire egy padl\u00f3hoz sz\u00fcks\u00e9g van. A Bianco Carrara minden darabja fantasztikus elem, \u00e9s finom erezete lehet\u0151v\u00e9 teszi, hogy jobban harmoniz\u00e1ljon, mint n\u00e9h\u00e1ny m\u00e1s k\u0151. Ez\u00e9rt k\u00fcl\u00f6n\u00f6sen alkalmas padl\u00f3csempe vagy l\u00e9pcs\u0151kbe val\u00f3 t\u00e1bla form\u00e1j\u00e1ban.<\/span><\/li>\n<\/ul>\n<p><span style=\"font-family: arial, helvetica, sans-serif; font-size: 14pt; color: #000000;\">A Bianco Carrara jellemz\u0151 v\u00e1laszfalakhoz is a legjobb. Minden lap egyszer\u0171en k\u00fcl\u00f6nleges, bonyolult r\u00e9szleteket \u00e9s al\u00e1becs\u00fclt st\u00edlusokat mutat. Ez egy kifinomult eszt\u00e9tik\u00e1t teremt, ami j\u00f3l illik a funkcion\u00e1lis falakhoz. Ak\u00e1r bookmatchelt, csemp\u00e9zett vagy hangs\u00falyozott, a Bianco Carrara biztosan divatot hoz az \u00e9l\u0151ter\u00e9be \u2013 a diszkr\u00e9t mint\u00e1zat szinte b\u00e1rmilyen dekor\u00e1ci\u00f3t feldob \u00e9s seg\u00edt n\u00f6velni a t\u00e9r funkci\u00f3it.<\/span><\/p>\n<p>&nbsp;<\/p>\n<h4><span style=\"font-size: 18pt; color: #000000;\"><strong><span style=\"font-family: arial, helvetica, sans-serif;\">7. Carrara-m\u00e1rv\u00e1ny vs Calacatta-m\u00e1rv\u00e1ny<\/span><\/strong><\/span><\/h4>\n<p><span style=\"font-family: arial, helvetica, sans-serif; font-size: 14pt; color: #000000;\">A Carrara \u00e9s a Calacatta term\u00e9szetes k\u00f6vek, amelyeket Olaszorsz\u00e1g Toscana r\u00e9gi\u00f3j\u00e1ban b\u00e1ny\u00e1sznak. A ter\u00fclet nagyobb kitermel\u00e9se miatt a m\u00e1rv\u00e1ny tulajdons\u00e1gai egyik b\u00e1ny\u00e1b\u00f3l a m\u00e1sikba v\u00e1ltoznak. A Carrara \u00e9s a Calacatta alkalmas fal- \u00e9s padl\u00f3burkolatokhoz, valamint munkalapokhoz.<\/span><\/p>\n<ul>\n<li>\n<h5><span style=\"color: #000000;\"><strong><span style=\"font-family: arial, helvetica, sans-serif; font-size: 14pt;\">7.1 Carrara-m\u00e1rv\u00e1ny<\/span><\/strong><\/span><\/h5>\n<\/li>\n<\/ul>\n<p><span style=\"font-family: arial, helvetica, sans-serif; font-size: 14pt; color: #000000;\">A Carrara-m\u00e1rv\u00e1nyt Olaszorsz\u00e1g Toscana r\u00e9gi\u00f3j\u00e1ban, Carrara t\u00e9rs\u00e9g\u00e9ben b\u00e1ny\u00e1ssz\u00e1k. Feh\u00e9r sz\u00edn\u00e9ben \u00e9s fekete-sz\u00fcrke erezet\u00e9ben minim\u00e1lisan v\u00e1ltozhat att\u00f3l f\u00fcgg\u0151en, hogy hol b\u00e1ny\u00e1ssz\u00e1k. A Carrara-m\u00e1rv\u00e1ny t\u00f6bb fajt\u00e1ja, k\u00f6zt\u00fck a Carrara C \u00e9s CD, a feh\u00e9r sz\u00edn\u00e9vel \u00e9s a prestigi\u00f3s Statuario egyedi krist\u00e1lyos szerkezet\u00e9vel rendelkezik. Michelangelo kifejezetten ezzel a fajt\u00e1val foglalkozott.<\/span><\/p>\n<ul>\n<li>\n<h5><span style=\"color: #000000;\"><strong><span style=\"font-family: arial, helvetica, sans-serif; font-size: 14pt;\">7.2 Calacatta-m\u00e1rv\u00e1ny<\/span><\/strong><\/span><\/h5>\n<\/li>\n<\/ul>\n<p><span style=\"font-family: arial, helvetica, sans-serif; font-size: 14pt; color: #000000;\">A Calacatta-m\u00e1rv\u00e1nyt szint\u00e9n Toscana r\u00e9gi\u00f3j\u00e1ban b\u00e1ny\u00e1ssz\u00e1k, k\u00fcl\u00f6n\u00f6sen az Apuan-Alpokban. Sz\u00e1mos t\u00edpusa van a Calacatta-m\u00e1rv\u00e1nynak, k\u00f6zt\u00fck a Calacatta Viola \u00e9s a Calacatta Oro (Paon Royal). K\u00fcl\u00f6n\u00f6sen ismert az \u00e9l\u00e9nk t\u00f6rt\u00e9nelmi form\u00e1j\u00e1r\u00f3l \u00e9s hangs\u00falyozott erezet\u00e9r\u0151l. Rendk\u00edv\u00fcl keresett anyag, \u00e9s a kereslet els\u0151rang\u00fa garancia lett, olyannyira, hogy \u201cCalacatta kvartsit\u201d \u2013 egy kvartsit \u2013 r\u00f3la neveztek el.<\/span><\/p>\n<p><span style=\"font-family: arial, helvetica, sans-serif; font-size: 14pt; color: #000000;\">Amikor kiv\u00e1lasztjuk, melyik m\u00e1rv\u00e1nyfajta alkalmas egy v\u00e1llalkoz\u00e1sra, fontos eml\u00e9kezni arra, hogy hol lesz elhelyezve. Minden m\u00e1rv\u00e1nyfajta alkalmas belt\u00e9ri burkolatokhoz. A Carrara, az Arabescato Vagli \u00e9s a Calacatta Oro (Paon Royal) klasszikus \u00e9s p\u00e1rtatlan terekhez aj\u00e1nlott. A Calacatta Viola, \u00e9l\u00e9nk lil\u00e1s h\u00e1tter\u00e9vel \u00e9s erezet\u00e9vel, t\u00f6k\u00e9letes v\u00e1laszt\u00e1s mer\u00e9sz ter\u00fcletekre. M\u00e9g a legklasszikusabb m\u00e1rv\u00e1nyt\u00f3nus is agressz\u00edvabb szem\u00e9lyis\u00e9get \u00f6lthet, ha k\u00fcl\u00f6nleges d\u00edsz\u00edt\u0151 faktorokkal p\u00e1ros\u00edtj\u00e1k. Minden m\u00e1rv\u00e1ny olyan, mint egy tiszta oldal, amelyet egy vadonat\u00faj t\u00f6rt\u00e9nettel lehet megt\u00f6lteni.<\/span><\/p>\n<figure id=\"attachment_494222\" aria-describedby=\"caption-attachment-494222\" style=\"width: 1100px\" class=\"wp-caption alignnone\"><img loading=\"lazy\" decoding=\"async\" class=\"size-full wp-image-494222\" title=\"Carrara m\u00e1rv\u00e1ny zuhanyz\u00f3 projektek Esta Stone\" src=\"http:\/\/whitemarblegranite.com\/wp-content\/uploads\/2023\/11\/Carrara-Marble-Shower-Projects-Esta-Stone.webp\" alt=\"Carrara m\u00e1rv\u00e1ny zuhanyz\u00f3 projektek Esta Stone\" width=\"1100\" height=\"670\" srcset=\"https:\/\/whitemarblegranite.com\/wp-content\/uploads\/2023\/11\/Carrara-Marble-Shower-Projects-Esta-Stone.webp 1100w, https:\/\/whitemarblegranite.com\/wp-content\/uploads\/2023\/11\/Carrara-Marble-Shower-Projects-Esta-Stone-300x183.webp 300w, https:\/\/whitemarblegranite.com\/wp-content\/uploads\/2023\/11\/Carrara-Marble-Shower-Projects-Esta-Stone-1024x624.webp 1024w, https:\/\/whitemarblegranite.com\/wp-content\/uploads\/2023\/11\/Carrara-Marble-Shower-Projects-Esta-Stone-768x468.webp 768w, https:\/\/whitemarblegranite.com\/wp-content\/uploads\/2023\/11\/Carrara-Marble-Shower-Projects-Esta-Stone-18x12.webp 18w\" sizes=\"(max-width: 1100px) 100vw, 1100px\" \/><figcaption id=\"caption-attachment-494222\" class=\"wp-caption-text\"><span style=\"color: #000000;\">Carrara m\u00e1rv\u00e1ny zuhanyz\u00f3 projektek Esta Stone<\/span><\/figcaption><\/figure>\n<p><span style=\"font-family: arial, helvetica, sans-serif; font-size: 14pt; color: #000000;\">A Calacatta Viola, az Arabescato Vagli, a Calacatta Oro (Paon Royal) \u00e9s a Carrara mind alkalmasak a nappali falburkolatokhoz \u00e9s padl\u00f3khoz. Engedje, hogy a kreativit\u00e1sa \u00e9s az alkot\u00f3i kedve inspir\u00e1l\u00f3djon! Tekintse meg, hogyan haszn\u00e1lta a CS design a Tropico text\u00far\u00e1nkat a Carrara-m\u00e1rv\u00e1nyban, hogy befedje ennek a v\u00e1rosnak a f\u0151 fal\u00e1t \u00e9s a j\u00e1t\u00e9kos lak\u00f3hely\u00e9t.<\/span><\/p>\n<h4><span style=\"font-size: 18pt; color: #000000;\"><strong><span style=\"font-family: arial, helvetica, sans-serif;\">8. Gyakran Ism\u00e9telt K\u00e9rd\u00e9sek a Carrara-feh\u00e9r m\u00e1rv\u00e1nyr\u00f3l<\/span><\/strong><\/span><\/h4>\n<ul>\n<li><span style=\"color: #000000;\"><strong><span style=\"font-family: arial, helvetica, sans-serif; font-size: 14pt;\">8.1 Hogyan kell gondozni a Carrara-m\u00e1rv\u00e1ny munkalapokat?<\/span><\/strong><\/span><\/li>\n<\/ul>\n<p><span style=\"font-family: arial, helvetica, sans-serif; font-size: 14pt; color: #000000;\">A Bianco Carrara m\u00e1rv\u00e1ny munkalapokat ugyan\u00fagy kell karbantartani, mint a szok\u00e1sos gondoz\u00e1si int\u00e9zked\u00e9seket, amelyek magukban foglalj\u00e1k a bevonatot a telep\u00edt\u00e9skor, a mindennapi tiszt\u00edt\u00e1st eg\u00e9szs\u00e9ges min\u0151s\u00e9g\u0171 m\u00e1rv\u00e1nytiszt\u00edt\u00f3 term\u00e9kekkel, valamint a m\u00e9rs\u00e9kelt, nem karcos ruh\u00e1k haszn\u00e1lat\u00e1t. A Carrara-m\u00e1rv\u00e1ny tiszt\u00edt\u00e1s\u00e1nak haszn\u00e1lata l\u00e9tfontoss\u00e1g\u00fa, emellett a term\u00e9kek haszn\u00e1lata is fontos az eg\u00e9szs\u00e9g \u00e9rdek\u00e9ben. Olyan apr\u00f3 inform\u00e1ci\u00f3k, mint ez, a Carrara-m\u00e1rv\u00e1ny szempontj\u00e1b\u00f3l bosszant\u00f3ak lehetnek.<\/span><\/p>\n<ul>\n<li>\n<h5><span style=\"color: #000000;\"><strong><span style=\"font-family: arial, helvetica, sans-serif; font-size: 14pt;\">8.2 Magas \u00e1ra van a Carrara-m\u00e1rv\u00e1nynak?<\/span><\/strong><\/span><\/h5>\n<\/li>\n<\/ul>\n<p><span style=\"font-family: arial, helvetica, sans-serif; font-size: 14pt; color: #000000;\">A Bianco Carrara m\u00e1rv\u00e1ny az egyik legkev\u00e9sb\u00e9 luxus gy\u00f3gyn\u00f6v\u00e9nyes munkalap anyag a piacon, k\u00fcl\u00f6n\u00f6sen mivel k\u00f6nnyen beszerezhet\u0151. V\u00e1lasszon ritk\u00e1bb, magasabb \u00e1r\u00fa k\u00f6vet, mint a Calacatta-m\u00e1rv\u00e1ny, amely feh\u00e9rebb alapot \u00e9s dr\u00e1maibb erezetet ad, \u00e9s az \u00e1ra emelkedik. Sajnos sok m\u00e1rv\u00e1ny, amit az interneten l\u00e1tni, nem lehet \u00e9sszer\u0171en \u00e1razva.<\/span><\/p>\n<ul>\n<li>\n<h5><span style=\"color: #000000;\"><strong><span style=\"font-family: arial, helvetica, sans-serif; font-size: 14pt;\">8.3 Alkalmas-e a Bianco Carrara m\u00e1rv\u00e1ny konyhai munkalapokhoz, f\u00fcrd\u0151szoba szekr\u00e9nyekhez \u00e9s h\u00e1tfalakhoz?<\/span><\/strong><\/span><\/h5>\n<\/li>\n<\/ul>\n<p><span style=\"font-family: arial, helvetica, sans-serif; font-size: 14pt; color: #000000;\">Ha megfelel\u0151en t\u00f6m\u00edt \u00e9s fel\u00faj\u00edt, a Carrara m\u00e1rv\u00e1ny haszn\u00e1lhat\u00f3 munkalapokhoz. Fontos figyelembe venni, hogy a beszerzend\u0151 anyag term\u00e9szetes, ez\u00e9rt k\u00fcl\u00f6n\u00f6sen alkalmas erre. A Carrara m\u00e1rv\u00e1ny lehet\u0151s\u00e9ge jelent\u0151s motiv\u00e1ci\u00f3 arra, hogy gondoskodj a finansz\u00edroz\u00e1sr\u00f3l, hiszen \u00e9rt\u00e9kes \u00e1rut szerezhetsz. M\u00e9g ha egy \u00fcgyf\u00e9l \u00fagy d\u00f6nt, hogy a Carrara m\u00e1rv\u00e1nylap megfelel neki, akkor is ez ink\u00e1bb a preferencia \u00e9s a k\u00f6telezetts\u00e9g kever\u00e9k\u00e9nek a jellegzetess\u00e9ge. Olaszorsz\u00e1g id\u0151szak\u00e1ban \u00e9s a sz\u00e1mos nemzetk\u00f6zi \u00e9tteremben a Carrara m\u00e1rv\u00e1ny a konyh\u00e1k kedvenc k\u00f6ve.<\/span><\/p>\n<figure id=\"attachment_493995\" aria-describedby=\"caption-attachment-493995\" style=\"width: 500px\" class=\"wp-caption alignright\"><img loading=\"lazy\" decoding=\"async\" class=\"wp-image-493995\" title=\"Carrara Gioia m\u00e1rv\u00e1ny t\u00e9glalap alak\u00fa asztalok\" src=\"http:\/\/whitemarblegranite.com\/wp-content\/uploads\/2023\/10\/Carrara-Gioia-Marble-Rectangular-Tables.webp\" alt=\"Carrara Gioia m\u00e1rv\u00e1ny t\u00e9glalap alak\u00fa asztalok\" width=\"500\" height=\"500\" srcset=\"https:\/\/whitemarblegranite.com\/wp-content\/uploads\/2023\/10\/Carrara-Gioia-Marble-Rectangular-Tables.webp 800w, https:\/\/whitemarblegranite.com\/wp-content\/uploads\/2023\/10\/Carrara-Gioia-Marble-Rectangular-Tables-300x300.webp 300w, https:\/\/whitemarblegranite.com\/wp-content\/uploads\/2023\/10\/Carrara-Gioia-Marble-Rectangular-Tables-150x150.webp 150w, https:\/\/whitemarblegranite.com\/wp-content\/uploads\/2023\/10\/Carrara-Gioia-Marble-Rectangular-Tables-768x768.webp 768w, https:\/\/whitemarblegranite.com\/wp-content\/uploads\/2023\/10\/Carrara-Gioia-Marble-Rectangular-Tables-12x12.webp 12w\" sizes=\"(max-width: 500px) 100vw, 500px\" \/><figcaption id=\"caption-attachment-493995\" class=\"wp-caption-text\"><span style=\"color: #000000;\">Carrara Gioia m\u00e1rv\u00e1ny t\u00e9glalap alak\u00fa asztalok<\/span><\/figcaption><\/figure>\n<ul>\n<li>\n<h5><span style=\"color: #000000;\"><strong><span style=\"font-family: arial, helvetica, sans-serif; font-size: 14pt;\">8.4 N\u00f6velik-e a Carrara m\u00e1rv\u00e1ny munkalapok a hazai \u00e1rakat?<\/span><\/strong><\/span><\/h5>\n<\/li>\n<\/ul>\n<p><span style=\"font-family: arial, helvetica, sans-serif; font-size: 14pt; color: #000000;\">Sz\u00e1mos munkalap alternat\u00edv\u00e1val szemben a m\u00e1rv\u00e1ny, k\u00fcl\u00f6n\u00f6sen a Bianco Carrara m\u00e1rv\u00e1ny, tov\u00e1bbra is az egyik legismertebb, a fels\u0151bbrend\u0171 otthonfel\u00faj\u00edt\u00e1sok kedvenc v\u00e1laszt\u00e1sa. B\u00e1r b\u00e1rmilyen konyha- vagy f\u00fcrd\u0151szoba-gy\u00e1rt\u00e1s \u00e9s karbantart\u00e1s n\u00f6veli az otthonod \u00e9rt\u00e9k\u00e9t, a m\u00e1rv\u00e1ny munkalapok m\u00e9rs\u00e9kelt megt\u00e9r\u00fcl\u00e9st biztos\u00edtanak a befektetett p\u00e9nzedre.<\/span><\/p>\n<p><span style=\"font-family: arial, helvetica, sans-serif; font-size: 14pt; color: #000000;\">Min\u00e9l t\u00f6bbet tanulsz a m\u00e1rv\u00e1ny munkalapokr\u00f3l, ann\u00e1l jobban felismered a sokoldal\u00fas\u00e1gukat. Ami a marad\u00e9kot illeti, egy fejlett st\u00edlusban az olasz m\u00e1rv\u00e1ny kiemelkedik a t\u00f6bbi k\u00f6z\u00fcl.<\/span><\/p>\n<p><span style=\"font-family: arial, helvetica, sans-serif; font-size: 14pt; color: #000000;\">A m\u00e1rv\u00e1nyt sz\u00e1mos helyen b\u00e1ny\u00e1szz\u00e1k a ter\u00fcleten bel\u00fcl. De semmi sem hasonl\u00edthat\u00f3 az olasz m\u00e1rv\u00e1ny pomp\u00e1j\u00e1hoz, tart\u00f3ss\u00e1g\u00e1hoz \u00e9s tisztas\u00e1g\u00e1hoz. Egyr\u00e9szt egy \u00e9vsz\u00e1zados, vintage \u00e9letst\u00edlust viszel magaddal az olasz m\u00e1rv\u00e1ny haszn\u00e1lat\u00e1val az otthonodban \u2013 mindenesetre ez a t\u00f6rt\u00e9nelmi szobrok, r\u00f3mai templomok \u00e9s klasszikus m\u0171v\u00e9szeti alkot\u00e1sok anyaga.<\/span><\/p>\n<ul>\n<li>\n<h5><span style=\"color: #000000;\"><strong><span style=\"font-family: arial, helvetica, sans-serif; font-size: 14pt;\">8.5 Mi a legjobb t\u00f6m\u00edt\u0151 Carrara m\u00e1rv\u00e1nyhoz?<\/span><\/strong><\/span><\/h5>\n<\/li>\n<\/ul>\n<p><span style=\"font-family: arial, helvetica, sans-serif; font-size: 14pt; color: #000000;\">A Pi\u00e8tra Stone Gallery minden m\u00e1rv\u00e1ny munkalaphoz aj\u00e1nlja a SureSeal-t. A v\u00e1s\u00e1rl\u00f3i \u00e9rt\u00e9kel\u00e9sek t\u00falnyom\u00f3 r\u00e9szben rendk\u00edv\u00fcl pozit\u00edvak, \u00e9s a SureSeal t\u00f6m\u00edt\u0151anyagoknak hossz\u00fa n\u00e9pszer\u0171s\u00e9ge van a term\u00e9szetes m\u00e1rv\u00e1ny k\u0151\u00e1pol\u00e1si term\u00e9kek gy\u00e1rt\u00e1s\u00e1ban. A SureSeal t\u00f6m\u00edt\u0151anyagok vezet\u0151 \u00e9s innovat\u00edv c\u00e9g, amely elk\u00f6telezett a legjobb k\u0151\u00e1pol\u00e1si term\u00e9kek el\u0151\u00e1ll\u00edt\u00e1sa mellett, hogy v\u00e9dd a befektetett p\u00e9nzedet. A Carrara m\u00e1rv\u00e1ny v\u00e1laszt\u00e1sa izgalmas dolog. T\u00f6m\u00edt\u0151anyaggal kell v\u00e9dened a k\u00f6lts\u00e9gvet\u00e9sedet, ami els\u0151 oszt\u00e1ly\u00fa m\u00f3dszer arra, hogy \u00f6nmagad garant\u00e1lja \u00e9s biztons\u00e1gban \u00e9rezd magad, mik\u00f6zben folyamatosan pontosan kutatsz.<\/span><\/p>\n<ul>\n<li>\n<h6><span style=\"color: #000000;\"><strong><span style=\"font-family: arial, helvetica, sans-serif; font-size: 14pt;\">8.6 Mi a k\u00fcl\u00f6nbs\u00e9g a White Carrara C \u00e9s CD k\u00f6z\u00f6tt?<\/span><\/strong><\/span><\/h6>\n<\/li>\n<\/ul>\n<p><span style=\"font-family: arial, helvetica, sans-serif; font-size: 14pt; color: #000000;\">Vannak k\u00fcl\u00f6nleges fajt\u00e1i a Bianco Carrara-nak \u2013 a b\u00e1ny\u00e1ban mind C, mind CD min\u0151s\u00edt\u00e9s\u0171ek. A White Carrara C relat\u00edve feh\u00e9r alapon \u00e9s sz\u00fcrke erekkel rendelkezik, m\u00edg a CD extra sz\u00fcrk\u00e9s hat\u00e1s\u00fa, s\u00f6t\u00e9tebb erekkel. \u00c1ltal\u00e1ban az el\u0151bbi jobb, mint az ut\u00f3bbi.<\/span><\/p>\n<ul>\n<li>\n<h5><span style=\"color: #000000;\"><strong><span style=\"font-family: arial, helvetica, sans-serif; font-size: 14pt;\">8.7 Alkalmas a belt\u00e9ri designmint\u00e1k b\u0151v\u00edt\u00e9s\u00e9re<\/span><\/strong><\/span><\/h5>\n<\/li>\n<\/ul>\n<p><span style=\"font-family: arial, helvetica, sans-serif; font-size: 14pt; color: #000000;\">A White Carrara m\u00e1rv\u00e1ny egy rugalmas anyag, amely sok exkluz\u00edv belt\u00e9ri designst\u00edlushoz illik. Minimalista megjelen\u00e9se seg\u00edthet lecsendes\u00edteni a k\u00f6rnyezetet a jelenlegi \u00e9s mai bels\u0151 tereken, text\u00far\u00e1t adhat a skandin\u00e1v st\u00edlus\u00fa h\u00e1zaknak, jav\u00edthatja a transzicion\u00e1lis designok k\u00e9pess\u00e9g\u00e9t, \u00e9s gy\u00f3gyn\u00f6v\u00e9nyes anyag lehet kereskedelmi terekhez. R\u00f6viden, b\u00e1rmilyen st\u00edlusod legyen, a White Carrara m\u00e1rv\u00e1ny z\u00f6kken\u0151mentesen beleilleszkedik.<\/span><\/p>\n<p><span style=\"font-family: arial, helvetica, sans-serif; font-size: 14pt; color: #000000;\">Ha rajongasz a m\u00e1rv\u00e1ny\u00e9rt, akkor a White Carrara m\u00e1rv\u00e1nyt be\u00e9p\u00edtheted az otthonod sz\u00e1mos r\u00e9sz\u00e9be. P\u00e9ld\u00e1ul haszn\u00e1lhatod a bej\u00e1rati r\u00e9szben, telep\u00edthetsz egy ropog\u00f3s feh\u00e9r Carrara m\u00e1rv\u00e1ny h\u00e1tfalat a konyh\u00e1ba, vagy eg\u00e9sz f\u00fcrd\u0151szob\u00e1t \u00e9p\u00edthetsz Carrara m\u00e1rv\u00e1nyb\u00f3l. Ha a dr\u00e1ga olasz Carrara m\u00e1rv\u00e1nyt v\u00e1lasztod, akkor nem kell m\u00e9rlegelned m\u00e1s anyagok el\u0151nyeit \u00e9s h\u00e1tr\u00e1nyait, p\u00e9ld\u00e1ul a kvarts vs. gr\u00e1nit vagy a porcel\u00e1n vs. pal\u00e1st, amelyek ugyan csod\u00e1latosak, de nem kapj\u00e1k meg a hasonl\u00f3 elismer\u00e9st \u00e9s nagyszer\u0171s\u00e9get.<\/span><\/p>\n<figure id=\"attachment_494223\" aria-describedby=\"caption-attachment-494223\" style=\"width: 1100px\" class=\"wp-caption alignnone\"><img loading=\"lazy\" decoding=\"async\" class=\"size-full wp-image-494223\" title=\"Feh\u00e9r Carrara m\u00e1rv\u00e1ny f\u00fcrd\u0151szoba mosd\u00f3[QWEN_MT_ITEM_14]9. Mi\u00e9rt v\u00e1lasszuk a Bianco Carrara feh\u00e9r m\u00e1rv\u00e1nyt\" src=\"http:\/\/whitemarblegranite.com\/wp-content\/uploads\/2023\/11\/White-Carrara-Marble-Bathroom-Basin.webp\" alt=\"Feh\u00e9r Carrara m\u00e1rv\u00e1ny f\u00fcrd\u0151szoba mosd\u00f3[QWEN_MT_ITEM_14]9. Mi\u00e9rt v\u00e1lasszuk a Bianco Carrara feh\u00e9r m\u00e1rv\u00e1nyt\" width=\"1100\" height=\"670\" srcset=\"https:\/\/whitemarblegranite.com\/wp-content\/uploads\/2023\/11\/White-Carrara-Marble-Bathroom-Basin.webp 1100w, https:\/\/whitemarblegranite.com\/wp-content\/uploads\/2023\/11\/White-Carrara-Marble-Bathroom-Basin-300x183.webp 300w, https:\/\/whitemarblegranite.com\/wp-content\/uploads\/2023\/11\/White-Carrara-Marble-Bathroom-Basin-1024x624.webp 1024w, https:\/\/whitemarblegranite.com\/wp-content\/uploads\/2023\/11\/White-Carrara-Marble-Bathroom-Basin-768x468.webp 768w, https:\/\/whitemarblegranite.com\/wp-content\/uploads\/2023\/11\/White-Carrara-Marble-Bathroom-Basin-18x12.webp 18w\" sizes=\"(max-width: 1100px) 100vw, 1100px\" \/><figcaption id=\"caption-attachment-494223\" class=\"wp-caption-text\"><span style=\"color: #000000;\">Feh\u00e9r Carrara m\u00e1rv\u00e1ny f\u00fcrd\u0151szoba mosd\u00f3\n[QWEN_MT_ITEM_14]9. Mi\u00e9rt v\u00e1lasszuk a Bianco Carrara feh\u00e9r m\u00e1rv\u00e1nyt<\/span><\/figcaption><\/figure>\n<h4><span style=\"font-size: 18pt; color: #000000;\"><strong><span style=\"font-family: arial, helvetica, sans-serif;\">Ha tov\u00e1bbi okokat szeretn\u00e9l a Bianco Carrara feh\u00e9r m\u00e1rv\u00e1ny pomp\u00e1j\u00e1nak \u00e9s var\u00e1zs\u00e1nak meg\u00e9rt\u00e9s\u00e9hez, itt vannak ennek a b\u00e1jos term\u00e9szetes k\u0151nek a jelent\u0151s el\u0151nyei.\u00a0<\/span><\/strong><\/span><\/h4>\n<p><span style=\"font-family: arial, helvetica, sans-serif; font-size: 14pt; color: #000000;\">9.1 Tart\u00f3ss\u00e1g.<\/span><\/p>\n<ul>\n<li>\n<h5><span style=\"color: #000000;\"><strong><span style=\"font-family: arial, helvetica, sans-serif; font-size: 14pt;\">A m\u00e1rv\u00e1ny egy term\u00e9szetes k\u0151, amely hossz\u00fa ideig kitart, \u00edgy tart\u00f3s \u00e9s ellen\u00e1ll\u00f3. A Bianco Carrara feh\u00e9r m\u00e1rv\u00e1ny f\u0151k\u00e9nt er\u0151s \u00e9s ellen\u00e1ll\u00f3 a t\u00falzott er\u0151vel \u00e9s h\u0151vel szemben, \u00edgy megfelel\u0151en \u00f6regedhet. A Bianco Carrara m\u00e1rv\u00e1ny haszn\u00e1lat\u00e1nak m\u00e1sik el\u0151nye a kis porozit\u00e1si pontsz\u00e1m, ami azt jelenti, hogy m\u00e1r nem vesz fel t\u00falzott mennyis\u00e9g\u0171 nedvess\u00e9get, \u00edgy kiv\u00e1l\u00f3 a konyhai csempe \u00e9s a f\u00fcrd\u0151szob\u00e1k sz\u00e1m\u00e1ra. Azonban fontos tudni, hogy a savas italok, mint a bor \u00e9s a citroml\u00e9, k\u00e1ros\u00edthatj\u00e1k vagy foltot hagyhatnak a Carrara m\u00e1rv\u00e1nyon, ez\u00e9rt j\u00f3, ha mihamarabb elt\u00e1vol\u00edtjuk \u0151ket. Hogy a m\u00e1rv\u00e1nylapok legfrissebb megjelen\u00e9s\u00e9t meg\u0151rizd, n\u00e9zd meg a gy\u00f3gyn\u00f6v\u00e9nyes k\u0151fel\u00faj\u00edt\u00e1si cikk\u00fcnket. Teh\u00e1t, ha Carrara m\u00e1rv\u00e1ny munkalapok, h\u00e1tfalak vagy padl\u00f3lapok vannak n\u00e1lad, gondoskodj arr\u00f3l, hogy a k\u00e1ros anyagok ne maradjanak sok\u00e1ig a fel\u00fcleten.<\/span><\/strong><\/span><\/h5>\n<\/li>\n<\/ul>\n<p><span style=\"font-family: arial, helvetica, sans-serif; font-size: 14pt; color: #000000;\">9.2 Eszt\u00e9tika.<\/span><\/p>\n<ul>\n<li>\n<h5><span style=\"color: #000000;\"><strong><span style=\"font-family: arial, helvetica, sans-serif; font-size: 14pt;\">A White Carrara m\u00e1rv\u00e1ny egy csod\u00e1latos term\u00e9szetes k\u0151 gazdag erekkel \u00e9s \u00e9l\u00e9nk alappal. L\u00e1tv\u00e1nyos \u00e9rdekl\u0151d\u00e9st kelthet a f\u00fcrd\u0151szob\u00e1kban, nappalikban \u00e9s konyh\u00e1kban. Egy Carrara m\u00e1rv\u00e1nylap probl\u00e9mamentesen \u00e1talak\u00edthat\u00f3 munkalapp\u00e1 vagy haszn\u00e1lhat\u00f3 leny\u0171g\u00f6z\u0151 csemp\u00e9k elk\u00e9sz\u00edt\u00e9s\u00e9hez. A m\u00e1rv\u00e1nyt a gy\u00f3gyn\u00f6v\u00e9nyes k\u0151lapokkal \u00f6sszehasonl\u00edtva a legmagasabb szint\u0171nek tekintik, bele\u00e9rtve a feh\u00e9r gr\u00e1nitot is. Mind a konyha-, mind a WC-munkalapok eset\u00e9ben a Carrara m\u00e1rv\u00e1ny a legf\u0151bb v\u00e1gy.<\/span><\/strong><\/span><\/h5>\n<\/li>\n<\/ul>\n<p><span style=\"font-family: arial, helvetica, sans-serif; font-size: 14pt; color: #000000;\">Amikor a padl\u00f3kr\u00f3l van sz\u00f3, kev\u00e9s anyag n\u00e9z ki olyan gy\u00f6ny\u00f6r\u0171en, mint a m\u00e1rv\u00e1ny. A Carrara m\u00e1rv\u00e1ny nem a legjobb alternat\u00edva l\u00e9legzetel\u00e1ll\u00edt\u00f3 padl\u00f3khoz; v\u00e1laszthatsz feh\u00e9r szobork\u0151t vagy White Calacatta m\u00e1rv\u00e1nyt is, amelyek hasonl\u00f3an gy\u00f6ny\u00f6r\u0171 k\u00e9pess\u00e9gekkel rendelkeznek.<\/span><\/p>\n<p><span style=\"font-family: arial, helvetica, sans-serif; font-size: 14pt; color: #000000;\">9.3 Sokoldal\u00fas\u00e1g.<\/span><\/p>\n<ul>\n<li>\n<h5><strong><span style=\"font-family: arial, helvetica, sans-serif; font-size: 14pt; color: #000000;\">A feh\u00e9r Carrara m\u00e1rv\u00e1ny f\u00fcrd\u0151szoba csempe koncepci\u00f3 rugalmass\u00e1ga lehet teljesen feh\u00e9r \u00e9s l\u00e9gies frissess\u00e9get sugall, vagy lehet egy hangulatos fekete f\u00fcrd\u0151szoba t\u00e9m\u00e1ja, amely kontrasztban \u00e1ll a feh\u00e9r Carrara m\u00e1rv\u00e1nnyal. A feh\u00e9r Carrara m\u00e1rv\u00e1ny pol\u00edrozott, antik, faragott \u00e9s csiszolt fel\u00fcletekkel is kaphat\u00f3, hogy el\u00e9rje a f\u00e9nyt \u00e9s a t\u00fckr\u00f6z\u0151d\u00e9st, amelyek min\u0151s\u00e9gi hat\u00e1st keltenek a teredben \u00e9s az eszt\u00e9tik\u00e1ban.<\/span><\/strong><\/h5>\n<\/li>\n<\/ul>\n<p><span style=\"font-family: arial, helvetica, sans-serif; font-size: 14pt; color: #000000;\">Felesleges eml\u00edteni, hogy a White Carrara m\u00e1rv\u00e1ny m\u00e1r r\u00e9g\u00f3ta a figyelem k\u00f6z\u00e9ppontj\u00e1ban van \u00e9s tov\u00e1bbra is nagy ig\u00e9ny van r\u00e1. Ez egy csod\u00e1latos k\u0151vari\u00e1ci\u00f3, amely sokf\u00e9lek\u00e9ppen haszn\u00e1lhat\u00f3, \u00edgy az elismer\u00e9se \u00e9s vonzereje soha nem fog kifogyni.<\/span><\/p>\n<p><span style=\"font-family: arial, helvetica, sans-serif; font-size: 14pt; color: #000000;\">Carrara m\u00e1rv\u00e1ny mozaik f\u00fcrd\u0151szoba padl\u00f3projektek Esta Stone.<\/span><\/p>\n<figure id=\"attachment_494224\" aria-describedby=\"caption-attachment-494224\" style=\"width: 1100px\" class=\"wp-caption alignnone\"><img loading=\"lazy\" decoding=\"async\" class=\"size-full wp-image-494224\" title=\"10. Term\u00e9szetes Carrara feh\u00e9r m\u00e1rv\u00e1ny k\u0151\u00e1pol\u00e1s \u00e9s karbantart\u00e1s\" src=\"http:\/\/whitemarblegranite.com\/wp-content\/uploads\/2023\/11\/Carrara-Marble-Mosaic-Bathroom-Floor-Projects-Esta-Stone.webp\" alt=\"10. Term\u00e9szetes Carrara feh\u00e9r m\u00e1rv\u00e1ny k\u0151\u00e1pol\u00e1s \u00e9s karbantart\u00e1s\" width=\"1100\" height=\"670\" srcset=\"https:\/\/whitemarblegranite.com\/wp-content\/uploads\/2023\/11\/Carrara-Marble-Mosaic-Bathroom-Floor-Projects-Esta-Stone.webp 1100w, https:\/\/whitemarblegranite.com\/wp-content\/uploads\/2023\/11\/Carrara-Marble-Mosaic-Bathroom-Floor-Projects-Esta-Stone-300x183.webp 300w, https:\/\/whitemarblegranite.com\/wp-content\/uploads\/2023\/11\/Carrara-Marble-Mosaic-Bathroom-Floor-Projects-Esta-Stone-1024x624.webp 1024w, https:\/\/whitemarblegranite.com\/wp-content\/uploads\/2023\/11\/Carrara-Marble-Mosaic-Bathroom-Floor-Projects-Esta-Stone-768x468.webp 768w, https:\/\/whitemarblegranite.com\/wp-content\/uploads\/2023\/11\/Carrara-Marble-Mosaic-Bathroom-Floor-Projects-Esta-Stone-18x12.webp 18w\" sizes=\"(max-width: 1100px) 100vw, 1100px\" \/><figcaption id=\"caption-attachment-494224\" class=\"wp-caption-text\">10. Term\u00e9szetes Carrara feh\u00e9r m\u00e1rv\u00e1ny k\u0151\u00e1pol\u00e1s \u00e9s karbantart\u00e1s<\/figcaption><\/figure>\n<h4><span style=\"font-size: 18pt;\"><strong><span style=\"font-family: arial, helvetica, sans-serif; color: #000000;\">10. Natural Carrara Whit\u0435 Marbl\u0435 Ston\u0435 Car\u0435 &amp; maint\u0435nanc\u0435<\/span><\/strong><\/span><\/h4>\n<p><span style=\"font-family: arial, helvetica, sans-serif; font-size: 14pt; color: #000000;\">Ahogy a Dionysos-sz\u00ednh\u00e1z szerencs\u00e9tlen eset\u00e9ben, a carrarai m\u00e1rv\u00e1ny vesz\u00e9lyeztetett a Micrococcus halobius nev\u0171 fekete gomb\u00e1val szemben, amely biofilmet k\u00e9pez, \u00e9s bel\u00fclr\u0151l em\u00e9szti a m\u00e1rv\u00e1nylapot. Megfelel\u0151 konzerv\u00e1l\u00e1si gyakorlatokkal a feh\u00e9r carrarai m\u00e1rv\u00e1nyb\u00f3l k\u00e9sz\u00fclt rendszerek sok \u00e9vre bez\u00e1rhat\u00f3k, ahogy n\u00e9h\u00e1ny t\u00f6rt\u00e9nelmi rendszer eset\u00e9ben is l\u00e1that\u00f3, amelyek m\u00e9g ma is \u00e1llnak.<\/span><\/p>\n<ol>\n<li><span style=\"font-family: arial, helvetica, sans-serif; font-size: 14pt; color: #000000;\">Egy carrarai m\u00e1rv\u00e1ny pult hosszabb ideig z\u00e1rhat\u00f3, mint a tervez\u0151k, akik megalkott\u00e1k, ha megfelel\u0151en \u00e1polj\u00e1k. A pol\u00edrozott carrara padl\u00f3 alacsony karbantart\u00e1st ig\u00e9nyel. Ez ugyan\u00fagy t\u00f6rt\u00e9nik, mint a legt\u00f6bb m\u00e1rv\u00e1nyt\u00edpusn\u00e1l, ez\u00e9rt nagyon keresett anyag a h\u00e1zakban \u00e9s a munkahelyeken. \u00cdme n\u00e9h\u00e1ny \u00fatmutat\u00f3 a carrarai m\u00e1rv\u00e1ny \u00e1pol\u00e1s\u00e1hoz:<\/span><\/li>\n<li><span style=\"font-family: arial, helvetica, sans-serif; font-size: 14pt; color: #000000;\"><span style=\"font-family: arial, helvetica, sans-serif; font-size: 14pt; color: #000000;\">Ker\u00fclje a nedvess\u00e9get \u00e9s az \u00e9tel foltjait \u2013 Mivel a carrara alkalmas k\u00f6rnyezetet teremt a fekete pen\u00e9sz sz\u00e1m\u00e1ra, a nedvess\u00e9g \u00e9s a term\u00e9szetes anyagok elker\u00fcl\u00e9se a por\u00f3zus anyagban val\u00f3 lerak\u00f3d\u00e1s\u00e1t\u00f3l seg\u00edt. A fekete gomba pap\u00edrmunka biofilmjei gl\u00fck\u00f3zb\u00f3l keletkeznek a textil belsej\u00e9ben, ami a k\u00f6vet bel\u00fclr\u0151l rombolja. Emellett a ki\u00f6ml\u00f6tt folyad\u00e9kok \u00e9s olajok let\u00f6rl\u00e9se meg\u00f3vja a foltokt\u00f3l.<\/span><\/span>\n<p><figure id=\"attachment_494225\" aria-describedby=\"caption-attachment-494225\" style=\"width: 500px\" class=\"wp-caption alignright\"><img loading=\"lazy\" decoding=\"async\" class=\"wp-image-494225\" title=\"Bianco Carrara M\u00e1rv\u00e1ny P\u00e9nz Kerek Mozaik F\u00fcrd\u0151szoba Fal Projektjei\" src=\"http:\/\/whitemarblegranite.com\/wp-content\/uploads\/2023\/11\/Bianco-Carrara-Marble-Penny-Round-Mosaic-Bathroom-Wall-Projects.webp\" alt=\"Bianco Carrara M\u00e1rv\u00e1ny P\u00e9nz Kerek Mozaik F\u00fcrd\u0151szoba Fal Projektjei\" width=\"500\" height=\"500\" srcset=\"https:\/\/whitemarblegranite.com\/wp-content\/uploads\/2023\/11\/Bianco-Carrara-Marble-Penny-Round-Mosaic-Bathroom-Wall-Projects.webp 800w, https:\/\/whitemarblegranite.com\/wp-content\/uploads\/2023\/11\/Bianco-Carrara-Marble-Penny-Round-Mosaic-Bathroom-Wall-Projects-300x300.webp 300w, https:\/\/whitemarblegranite.com\/wp-content\/uploads\/2023\/11\/Bianco-Carrara-Marble-Penny-Round-Mosaic-Bathroom-Wall-Projects-150x150.webp 150w, https:\/\/whitemarblegranite.com\/wp-content\/uploads\/2023\/11\/Bianco-Carrara-Marble-Penny-Round-Mosaic-Bathroom-Wall-Projects-768x768.webp 768w, https:\/\/whitemarblegranite.com\/wp-content\/uploads\/2023\/11\/Bianco-Carrara-Marble-Penny-Round-Mosaic-Bathroom-Wall-Projects-12x12.webp 12w\" sizes=\"(max-width: 500px) 100vw, 500px\" \/><figcaption id=\"caption-attachment-494225\" class=\"wp-caption-text\">Bianco Carrara M\u00e1rv\u00e1ny P\u00e9nz Kerek Mozaik F\u00fcrd\u0151szoba Fal Projektjei<\/figcaption><\/figure><\/li>\n<li><span style=\"font-family: arial, helvetica, sans-serif; font-size: 14pt; color: #000000;\">Ne haszn\u00e1ljon csiszol\u00f3 szivacsokat \u2013 A csiszol\u00f3 tiszt\u00edt\u00f3eszk\u00f6z\u00f6k a m\u00e1rv\u00e1nyfel\u00fcletek ellens\u00e9gei, \u00e9s ezek a durva csiszol\u00f3k lecsiszolj\u00e1k a lakkr\u00e9teget, matt, f\u00e9nytelen megjelen\u00e9st hagyva maguk ut\u00e1n, \u00e9s a m\u00e1rv\u00e1nyt is kitenn\u00e9k. Ez foltokra, pen\u00e9szre \u00e9s elsz\u00ednez\u0151d\u00e9sre hajlamos. Alternat\u00edv\u00e1ul puha ruh\u00e1kat \u00e9s szivacsokat haszn\u00e1lhat.<\/span><\/li>\n<li><span style=\"font-family: arial, helvetica, sans-serif; font-size: 14pt; color: #000000;\">Ne haszn\u00e1ljon savas oldatokat vagy feh\u00e9r\u00edt\u0151t \u2013 A sav a n\u00f6v\u00e9nyi k\u00f6vek els\u0151 sz\u00e1m\u00fa ellens\u00e9ge, \u00e9s ugyanez vonatkozik a carrar\u00e1ra is. A feh\u00e9r\u00edt\u0151 sem jobb, mert a kem\u00e9ny k\u00e9miai anyagok marhatj\u00e1k a lakkr\u00e9teg fel\u00fclet\u00e9t. Az ecet, a citrom \u00e9s a vegyszeres tiszt\u00edt\u00f3szerek is tilosak, ahogy az alkohol is, ez\u00e9rt ker\u00fclje ezeknek a term\u00e9keknek a ki\u00f6ml\u00e9s\u00e9t a fel\u00fcletein.\u00a0<\/span><\/li>\n<li><span style=\"font-family: arial, helvetica, sans-serif; font-size: 14pt; color: #000000;\">Sim\u00edtsa le castille-szappannal \u00e9s v\u00edzzel \u2013 A v\u00edzben h\u00edg\u00edtott castille-szappan finom, de hat\u00e9kony tiszt\u00edt\u00e1st eredm\u00e9nyez, amely j\u00f3l m\u0171k\u00f6dik az olyan \u00e9rz\u00e9keny fel\u00fcleteken, ahol nem lehet savas oldatokat, alkoholt vagy feh\u00e9r\u00edt\u0151t haszn\u00e1lni. Mind a p\u00f3rusokra, mind a b\u0151rre \u00e9s a fel\u00fcletekre gyeng\u00e9d, a castille-tiszt\u00edt\u00f3 szappan elfogadhat\u00f3 v\u00e1laszt\u00e1s mindenf\u00e9le \u00e9rz\u00e9keny anyag tiszt\u00edt\u00e1s\u00e1hoz, \u00e9s t\u00f6k\u00e9letes a pultokhoz \u00e9s a csemp\u00e9vel bor\u00edtott ter\u00fcletekhez.<\/span><\/li>\n<\/ol>\n<ul>\n<li>\n<h5><strong><span style=\"font-family: arial, helvetica, sans-serif; font-size: 14pt; color: #000000;\">10.1 Azonban vannak int\u00e9zked\u00e9sek, amelyekkel meg\u0151rizheti carrarai m\u00e1rv\u00e1ny konyhapultj\u00e1t, min\u0151s\u00e9g\u00e9nek meg\u0151rz\u00e9se \u00e9rdek\u00e9ben:<\/span><\/strong><\/h5>\n<\/li>\n<\/ul>\n<p><span style=\"font-family: arial, helvetica, sans-serif; font-size: 14pt; color: #000000;\">A pultok gyakori bevon\u00e1sa v\u00edz- \u00e9s foltmentes\u00edt\u00e9s c\u00e9lj\u00e1b\u00f3l kulcsfontoss\u00e1g\u00fa. Javasolt, hogy a m\u00e1rv\u00e1nyt el\u0151sz\u00f6r profi m\u00f3don bevonj\u00e1k, majd egy b\u00e9rl\u0151t fogadjon, aki id\u0151nk\u00e9nt \u00fajra bevonja, \u00e1ltal\u00e1ban h\u00e1romhavonta. Ha s\u00f6t\u00e9tebb m\u00e1rv\u00e1nyt haszn\u00e1l, akkor hosszabb id\u0151re el\u00e9g a bevon\u00e1s, m\u00edg a feh\u00e9r m\u00e1rv\u00e1ny extra gyakori renov\u00e1l\u00e1st ig\u00e9nyel.<\/span><\/p>\n<ul>\n<li>\n<h6><strong><span style=\"font-family: arial, helvetica, sans-serif; font-size: 14pt; color: #000000;\">10.2 Tiszt\u00edtsa meg gyorsan a ki\u00f6ml\u00f6tt folyad\u00e9kokat, mert a k\u0151n\u00e9l \u00f6sszegy\u0171l\u0151 v\u00edz foltokat, mar\u00e1sokat vagy v\u00edzk\u00e1rosod\u00e1st okozhat.<\/span><\/strong><\/h6>\n<\/li>\n<\/ul>\n<p><span style=\"font-family: arial, helvetica, sans-serif; font-size: 14pt; color: #000000;\">Tartsa t\u00e1vol a kem\u00e9ny vagy csiszol\u00f3 tiszt\u00edt\u00f3szereket. Tartsa be a pH-kiegyens\u00falyozott tiszt\u00edt\u00f3oldatokat, mert a sav sz\u00e1nd\u00e9kosan marhatja a m\u00e1rv\u00e1ny\u00e1t. Haszn\u00e1ljon finom anyagot a tiszt\u00edt\u00e1s sor\u00e1n, hogy elker\u00fclje a m\u00e9ly karcol\u00e1sokat. A forr\u00f3 v\u00edz \u00e9s egy puha t\u00f6r\u00f6lk\u00f6z\u0151 a legjobb felszerel\u00e9s, de d\u00e9lut\u00e1nk\u00e9nt fert\u0151tlen\u00edtheti a pultokat \u00fagy, hogy megsz\u00f3rja a padl\u00f3t sz\u00f3dabikarb\u00f3n\u00e1val \u00e9s finoman d\u00f6rzs\u00f6lje \u00e1t nedves anyaggal.<\/span><\/p>\n<p><span style=\"font-family: arial, helvetica, sans-serif; font-size: 14pt; color: #000000;\">\u00c1ltal\u00e1ban haszn\u00e1lunk al\u00e1t\u00e9teket, v\u00e1g\u00f3deszk\u00e1kat \u00e9s forr\u00f3 al\u00e1t\u00e9teket. Ker\u00fclje, hogy az \u00e9teleket, t\u00e1ny\u00e9rokat, ed\u00e9nyeket vagy forr\u00f3 fazekakat k\u00f6zvetlen\u00fcl a m\u00e1rv\u00e1nyra tegye, mert ez foltokat, mar\u00e1sokat vagy \u00e9get\u00e9seket okozhat a k\u0151n\u00e9l. Soha ne v\u00e1gjon k\u00f6zvetlen\u00fcl a m\u00e1rv\u00e1ny pultjaira, mert a k\u00e9ssel val\u00f3 karcol\u00e1s vesz\u00e9lye fenyeget.<\/span><\/p>\n<p>&nbsp;<\/p>\n<p><span style=\"font-family: arial, helvetica, sans-serif; font-size: 14pt; color: #000000;\">Legyen \u00d6n mag\u00e1nszem\u00e9ly, \u00e9p\u00edt\u00e9sz, gy\u00e1rt\u00f3v\u00e1llalat vagy kivitelez\u0151, a Esta Stone Factory feh\u00e9r carrarai m\u00e1rv\u00e1nya rendk\u00edv\u00fcli v\u00e1laszt\u00e1s az \u00d6n belt\u00e9ri berendez\u00e9si ig\u00e9nyeihez. Minimalista, m\u00e9gis massz\u00edv fel\u00e9p\u00edt\u00e9se, dr\u00e1mai erezete \u00e9s ig\u00e9nyes megjelen\u00e9se minden elv\u00e1r\u00e1s\u00e1t teljes\u00edti.<\/span><\/p>\n<p><span style=\"font-family: arial, helvetica, sans-serif; font-size: 14pt; color: #000000;\">Miut\u00e1n elolvasta ezt a h\u00edrlevelet \u00e9s a benne szerepl\u0151 \u00e1rakat \u00e9s k\u00e9peket, rem\u00e9lj\u00fck, hogy \u00e1tfog\u00f3 meg\u00e9rt\u00e9st szereztek err\u0151l a gy\u00f6ny\u00f6r\u0171 term\u00e9szetes k\u00f6v\u00f6n. Haszn\u00e1lhatja a carrarai m\u00e1rv\u00e1nyt asztalain, konyhapultjain, padl\u00f3j\u00e1n, t\u00e9relv\u00e1laszt\u00f3in, h\u00e1tt\u00e9rfalain vagy kandall\u00f3in, \u00edgy azonnal feldobja a helyis\u00e9ge hangulat\u00e1t.\u00a0<\/span><\/p>\n<p><img loading=\"lazy\" decoding=\"async\" class=\"alignnone wp-image-471758 size-full\" title=\"Kapcsolatfelv\u00e9tel vel\u00fcnk \u62f7\u8d1d\" src=\"http:\/\/whitemarblegranite.com\/wp-content\/uploads\/2023\/05\/Contact-US-\u62f7\u8d1d.jpg\" alt=\"K\u00ednai vezet\u0151 Bianco Carrara M\u00e1rv\u00e1ny Gy\u00e1r | Esta Stone\" width=\"1100\" height=\"511\" srcset=\"https:\/\/whitemarblegranite.com\/wp-content\/uploads\/2023\/05\/Contact-US-\u62f7\u8d1d.jpg 1100w, https:\/\/whitemarblegranite.com\/wp-content\/uploads\/2023\/05\/Contact-US-\u62f7\u8d1d-300x139.jpg 300w, https:\/\/whitemarblegranite.com\/wp-content\/uploads\/2023\/05\/Contact-US-\u62f7\u8d1d-1024x476.jpg 1024w, https:\/\/whitemarblegranite.com\/wp-content\/uploads\/2023\/05\/Contact-US-\u62f7\u8d1d-768x357.jpg 768w\" sizes=\"(max-width: 1100px) 100vw, 1100px\" \/><\/p>\n<h2><span style=\"font-family: arial, helvetica, sans-serif; font-size: 14pt; color: #000000;\">Kapcsol\u00f3d\u00f3 Carrara m\u00e1rv\u00e1ny forr\u00e1sok az Esta Stone-t\u00f3l<\/span><\/h2>\n<p><span style=\"font-family: arial, helvetica, sans-serif; font-size: 14pt; color: #000000;\">Folytassa a kur\u00e1tor\u00e1lt term\u00e9koldalak \u00e9s a szak\u00e9rt\u0151i v\u00e1s\u00e1rl\u00e1si \u00fatmutat\u00f3k b\u00f6ng\u00e9sz\u00e9s\u00e9t, hogy seg\u00edtsen \u00e9p\u00edt\u00e9szeknek, tervez\u0151knek, fejleszt\u0151knek \u00e9s lak\u00f3knak a megfelel\u0151 feh\u00e9r m\u00e1rv\u00e1ny megold\u00e1s kiv\u00e1laszt\u00e1s\u00e1ban a 2026-os luxus bels\u0151 terekhez.<\/span><\/p>\n<ul>\n<li><span style=\"font-family: arial, helvetica, sans-serif; font-size: 14pt; color: #000000;\"><a style=\"color: #000000;\" href=\"https:\/\/whitemarblegranite.com\/hu\/product\/carrara-marble-tiles\/\">Fedezze fel a Carrara m\u00e1rv\u00e1ny csemp\u00e9ket padl\u00f3- \u00e9s faltervez\u00e9shez<\/a><\/span><\/li>\n<li><span style=\"font-family: arial, helvetica, sans-serif; font-size: 14pt; color: #000000;\"><a style=\"color: #000000;\" href=\"https:\/\/whitemarblegranite.com\/hu\/product\/marble-bianco-carrara-tile\/\">Fedezze fel a Bianco Carrara m\u00e1rv\u00e1ny csempe lehet\u0151s\u00e9geit modern bels\u0151 terekhez<\/a><\/span><\/li>\n<li><span style=\"font-family: arial, helvetica, sans-serif; font-size: 14pt; color: #000000;\"><a style=\"color: #000000;\" href=\"https:\/\/whitemarblegranite.com\/hu\/product\/high-quality-sivec-white-marble-tiles\/\">Hasonl\u00edtsa \u00f6ssze a pr\u00e9mium feh\u00e9r m\u00e1rv\u00e1ny csempe alternat\u00edv\u00e1ival<\/a><\/span><\/li>\n<li><span style=\"font-family: arial, helvetica, sans-serif; font-size: 14pt; color: #000000;\"><a style=\"color: #000000;\" href=\"https:\/\/whitemarblegranite.com\/hu\/product\/sivec-white-marble\/\">Tekintse meg egy m\u00e1sik tiszta feh\u00e9r m\u00e1rv\u00e1ny lehet\u0151s\u00e9g\u00e9t a minimalista terekhez<\/a><\/span><\/li>\n<li><span style=\"font-family: arial, helvetica, sans-serif; font-size: 14pt; color: #000000;\"><a style=\"color: #000000;\" href=\"https:\/\/whitemarblegranite.com\/hu\/compressive-guide-of-bianco-sivec-marble\/\">Olvasson egy \u00e1tfog\u00f3 \u00fatmutat\u00f3t a Bianco Sivec m\u00e1rv\u00e1nyr\u00f3l<\/a><\/span><\/li>\n<li><span style=\"font-family: arial, helvetica, sans-serif; font-size: 14pt; color: #000000;\"><a style=\"color: #000000;\" href=\"https:\/\/whitemarblegranite.com\/hu\/product\/sivec-polaris-marble\/\">N\u00e9zze meg a Sivec Polaris m\u00e1rv\u00e1nyt f\u00e9nyesebb \u00e9p\u00edt\u00e9szeti alkalmaz\u00e1sokhoz<\/a><\/span><\/li>\n<li><span style=\"font-family: arial, helvetica, sans-serif; font-size: 14pt; color: #000000;\"><a style=\"color: #000000;\" href=\"https:\/\/whitemarblegranite.com\/hu\/product\/bianco-sivec-marble\/\">Hasonl\u00edtsa \u00f6ssze a Carrar\u00e1t a Bianco Sivec m\u00e1rv\u00e1nnyal luxusprojektekhez<\/a><\/span><\/li>\n<li><span style=\"font-family: arial, helvetica, sans-serif; font-size: 14pt;\"><a class=\"row-title\" href=\"https:\/\/whitemarblegranite.com\/wp-admin\/post.php?post=497631&amp;action=edit\" aria-label=\"\u201cMi\u00e9rt marad a Carrara m\u00e1rv\u00e1ny a f\u0151 befektet\u00e9s a 2026-os \u00e9p\u00edt\u00e9szeti bels\u0151 terek kiv\u00e1l\u00f3s\u00e1g\u00e1hoz\u201d (szerkesztett)\">Mi\u00e9rt marad a Carrara m\u00e1rv\u00e1ny az els\u0151dleges befektet\u00e9s 2026-ra az \u00e9p\u00edt\u00e9szeti bels\u0151 t\u00e9r kiv\u00e1l\u00f3s\u00e1g\u00e1\u00e9rt<\/a><\/span><\/li>\n<\/ul>\n<section class=\"related-resources\">\n<h3><\/h3>\n<section class=\"related-resources\">\n<h3><\/h3>\n<h3 style=\"border-bottom: 2px solid #333;\"><span style=\"font-family: arial, helvetica, sans-serif; font-size: 14pt; color: #000000;\">Alapos betekint\u00e9s: 2026-os m\u00e1rv\u00e1ny-tudnival\u00f3k \u00e9s \u00fatmutat\u00f3k<\/span><\/h3>\n<p><span style=\"font-family: arial, helvetica, sans-serif; font-size: 14pt; color: #000000;\"><em>Saj\u00e1t\u00edtsa meg a 2026-os piacot szak\u00e9rt\u0151 elemz\u00e9seink seg\u00edts\u00e9g\u00e9vel:<\/em><\/span><\/p>\n<ul>\n<li><span style=\"font-family: arial, helvetica, sans-serif; font-size: 14pt; color: #000000;\"><strong>Ipari trend:<\/strong> <a style=\"color: #000000;\" href=\"https:\/\/whitemarblegranite.com\/hu\/why-sivec-white-marble-for-2026-high-end-architectural-interior-projects\/\">A 2026-os bels\u0151\u00e9p\u00edt\u00e9szeti trendekhez tartoz\u00f3 top 5 feh\u00e9r m\u00e1rv\u00e1ny: a minimalista Sivec-t\u0151l a klasszikus Volakas-ig<\/a><\/span><\/li>\n<li><span style=\"font-family: arial, helvetica, sans-serif; font-size: 14pt; color: #000000;\"><strong>Strat\u00e9giai beszerz\u00e9s:<\/strong> <a style=\"color: #000000;\" href=\"https:\/\/whitemarblegranite.com\/hu\/calacatta-marble-vs-carrara-marble-the-definitive-2026-procurement-asset-strategy\/\">Calacatta vs. Carrara: a 2026-os eszk\u00f6zstrat\u00e9gia<\/a><\/span><\/li>\n<li><span style=\"font-family: arial, helvetica, sans-serif; font-size: 14pt; color: #000000;\"><strong>Befektet\u00e9si \u00e9rt\u00e9k:<\/strong> <a style=\"color: #000000;\" href=\"https:\/\/whitemarblegranite.com\/hu\/why-carrara-marble-remains-the-primary-investment-for-2026-architectural-interior-excellence\/\">Mi\u00e9rt marad a Carrara els\u0151dleges befektet\u00e9si c\u00e9l a kiv\u00e1l\u00f3s\u00e1g el\u00e9r\u00e9s\u00e9ben?<\/a><\/span><\/li>\n<\/ul>\n<h4><span style=\"font-family: arial, helvetica, sans-serif; font-size: 14pt; color: #000000;\">Minden, amit a Carrar\u00e1r\u00f3l tudni kell<\/span><\/h4>\n<ul style=\"display: grid; grid-template-columns: 1fr 1fr; gap: 10px;\">\n<li><span style=\"font-family: arial, helvetica, sans-serif; font-size: 14pt; color: #000000;\"><a style=\"color: #000000;\" href=\"https:\/\/whitemarblegranite.com\/hu\/what-is-bianco-carrara-marble\/\">Mi az a Bianco Carrara m\u00e1rv\u00e1ny?<\/a><\/span><\/li>\n<li><span style=\"font-family: arial, helvetica, sans-serif; font-size: 14pt; color: #000000;\"><a style=\"color: #000000;\" href=\"https:\/\/whitemarblegranite.com\/hu\/what-does-white-carrara-marble-look-like\/\">Vizu\u00e1lis \u00fatmutat\u00f3: hogy n\u00e9z ki a Carrara<\/a><\/span><\/li>\n<li><span style=\"font-family: arial, helvetica, sans-serif; font-size: 14pt; color: #000000;\"><a style=\"color: #000000;\" href=\"https:\/\/whitemarblegranite.com\/hu\/top-10-faqs-of-bianco-carrara-marble\/\">A Bianco Carrara t\u00edz leggyakoribb k\u00e9rd\u00e9se<\/a><\/span><\/li>\n<li><span style=\"font-family: arial, helvetica, sans-serif; font-size: 14pt; color: #000000;\"><a style=\"color: #000000;\" href=\"https:\/\/whitemarblegranite.com\/hu\/how-to-care-carrara-white-marble\/\">Gondoz\u00e1si \u00e9s karbantart\u00e1si \u00fatmutat\u00f3<\/a><\/span><\/li>\n<li><span style=\"font-family: arial, helvetica, sans-serif; font-size: 14pt; color: #000000;\"><a style=\"color: #000000;\" href=\"https:\/\/whitemarblegranite.com\/hu\/is-carrara-marble-good-for-kitchen-countertops\/\">J\u00f3-e a konyhapultokhoz?<\/a><\/span><\/li>\n<li><span style=\"font-family: arial, helvetica, sans-serif; font-size: 14pt; color: #000000;\"><a style=\"color: #000000;\" href=\"https:\/\/whitemarblegranite.com\/hu\/tips-on-how-to-match-carrara-marble-tabletops-in-different-decorative-styles\/\">St\u00edlusos tippek az asztallapokhoz<\/a><\/span><\/li>\n<\/ul>\n<h4><span style=\"font-family: arial, helvetica, sans-serif; font-size: 14pt; color: #000000;\">\u00d6sszehasonl\u00edt\u00f3 \u00e9s m\u0171szaki elemz\u00e9s<\/span><\/h4>\n<ul>\n<li><span style=\"font-family: arial, helvetica, sans-serif; font-size: 14pt; color: #000000;\"><a style=\"color: #000000;\" href=\"https:\/\/whitemarblegranite.com\/hu\/carrara-white-marble-vs-oriental-white-marble\/\">Carrara feh\u00e9r vs. orient\u00e1lis feh\u00e9r m\u00e1rv\u00e1ny<\/a><\/span><\/li>\n<li><span style=\"font-family: arial, helvetica, sans-serif; font-size: 14pt; color: #000000;\"><a style=\"color: #000000;\" href=\"https:\/\/whitemarblegranite.com\/hu\/white-marble-tiles-respond-to-policy-design-and-supply-chain-changes-in-2025\/\">Ell\u00e1t\u00e1si l\u00e1nc \u00e9s szab\u00e1lyoz\u00e1sv\u00e1ltoz\u00e1sok (2025\u20132026)<\/a><\/span><\/li>\n<li><span style=\"font-family: arial, helvetica, sans-serif; font-size: 14pt; color: #000000;\"><a style=\"color: #000000;\" href=\"https:\/\/whitemarblegranite.com\/hu\/the-top-advantages-of-white-marble-tiles\/\">A feh\u00e9r m\u00e1rv\u00e1nylapok f\u0151 el\u0151nyei<\/a><\/span><\/li>\n<\/ul>\n<h4><span style=\"font-family: arial, helvetica, sans-serif; font-size: 14pt; color: #000000;\">Palett\u00e1ja b\u0151v\u00edt\u00e9se<\/span><\/h4>\n<ul style=\"display: grid; grid-template-columns: 1fr 1fr; gap: 10px;\">\n<li><span style=\"font-family: arial, helvetica, sans-serif; font-size: 14pt; color: #000000;\"><a style=\"color: #000000;\" href=\"https:\/\/whitemarblegranite.com\/hu\/why-choose-thassos-white-marble\/\">Mi\u00e9rt v\u00e1lassza a Thassos m\u00e1rv\u00e1nyt?<\/a><\/span><\/li>\n<li><span style=\"font-family: arial, helvetica, sans-serif; font-size: 14pt; color: #000000;\"><a style=\"color: #000000;\" href=\"https:\/\/whitemarblegranite.com\/hu\/volakas-white-marble-tilesesteem-and-elegance-your-interior-designs\/\">Volakas m\u00e1rv\u00e1ny: tekint\u00e9ly \u00e9s elegancia<\/a><\/span><\/li>\n<li><span style=\"font-family: arial, helvetica, sans-serif; font-size: 14pt; color: #000000;\"><a style=\"color: #000000;\" href=\"https:\/\/whitemarblegranite.com\/hu\/why-natural-white-marble-tiles-perfect-to-create-luxurious-interior-projects\/\">Luxus bels\u0151 terek l\u00e9trehoz\u00e1sa<\/a><\/span><\/li>\n<li><span style=\"font-family: arial, helvetica, sans-serif; font-size: 14pt; color: #000000;\"><a style=\"color: #000000;\" href=\"https:\/\/whitemarblegranite.com\/hu\/white-marble-in-minimalist-design\/\">White Marble in Minimalist Design<\/a><\/span><\/li>\n<li><span style=\"font-family: arial, helvetica, sans-serif; font-size: 14pt; color: #000000;\"><a style=\"color: #000000;\" href=\"https:\/\/whitemarblegranite.com\/hu\/how-to-make-white-marble-tiles-work-in-small-spaces-without-looking-cold\/\">Kis helyis\u00e9gek: a \u201chideg\u201d hat\u00e1s elker\u00fcl\u00e9se<\/a><\/span><\/li>\n<li><span style=\"font-family: arial, helvetica, sans-serif; font-size: 14pt; color: #000000;\"><a style=\"color: #000000;\" href=\"https:\/\/whitemarblegranite.com\/hu\/the-best-statuario-white-marble-tiles-factory-in-china\/\">Statuario m\u00e1rv\u00e1ny: gy\u00e1ri betekint\u00e9s<\/a><\/span><\/li>\n<li><span style=\"font-family: arial, helvetica, sans-serif; font-size: 14pt; color: #000000;\"><a style=\"color: #000000;\" href=\"https:\/\/whitemarblegranite.com\/hu\/top-10-best-and-trendy-natural-white-marble\/\">Top 10 divatos feh\u00e9r m\u00e1rv\u00e1ny<\/a><\/span><\/li>\n<li><span style=\"font-family: arial, helvetica, sans-serif; font-size: 14pt; color: #000000;\"><a style=\"color: #000000;\" href=\"https:\/\/whitemarblegranite.com\/hu\/what-the-advantages-of-white-marble\/\">A feh\u00e9r m\u00e1rv\u00e1ny \u00e1ltal\u00e1nos el\u0151nyei<\/a><\/span><\/li>\n<li><span style=\"font-family: arial, helvetica, sans-serif; font-size: 14pt;\"><a class=\"row-title\" href=\"https:\/\/whitemarblegranite.com\/hu\/how-to-source-large-scale-carrara-marble-for-high-end-commercial-projects-a-suppliers-checklist\/\" aria-label=\"\u201cHogyan szerezzen be nagy volumen\u0171 Carrara m\u00e1rv\u00e1nyt exkluz\u00edv kereskedelmi projektekhez: egy besz\u00e1ll\u00edt\u00f3 ellen\u0151rz\u0151list\u00e1ja\u201d (szerkesztett)\">Hogyan kell nagy volumen\u0171 Carrara m\u00e1rv\u00e1nyt beszerezni pr\u00e9mium kereskedelmi projektekhez: egy besz\u00e1ll\u00edt\u00f3 ellen\u0151rz\u0151list\u00e1ja<\/a><\/span><\/li>\n<li><span style=\"font-family: arial, helvetica, sans-serif; font-size: 14pt;\"><a href=\"https:\/\/whitemarblegranite.com\/hu\/a-professional-buyers-guide-to-bianco-carrara-marble-grading-understanding-cd-c-and-extra-quality\/\">A CD, C \u00e9s Extra min\u0151s\u00e9g meg\u00e9rt\u00e9se<\/a><\/span><\/li>\n<\/ul>\n<p>&nbsp;<\/p>\n<\/section>\n<h2><\/h2>\n<\/section>","protected":false},"excerpt":{"rendered":"<p>Stylish and Classic Italian White Marble-Bianco Carrara | Esta Stone W\u0435 advis\u0435 using Whit\u0435 Carrara marbl\u0435 if you&#8217;re planning to \u0435nhanc\u0435 your tangibl\u0435 property or industrial building&#8217;s interior flooring, partitions, stairs, or columns. It&#8217;s a famous d\u0435sir\u0435 among hous\u0435 own\u0435rs and int\u0435rior d\u0435sign\u0435rs thanks to its sophistication, \u0435n\u0435rgy, and sturdin\u0435ss. Whit\u0435 Carrara marbl\u0435 has many [&hellip;]<\/p>\n","protected":false},"author":6,"featured_media":494202,"comment_status":"closed","ping_status":"closed","sticky":false,"template":"","format":"standard","meta":{"_acf_changed":false,"footnotes":""},"categories":[24],"tags":[29967,29965,29972,29970,29969,29974,29975,29976,29968,29973,29966,29971,29708],"class_list":["post-494216","post","type-post","status-publish","format-standard","has-post-thumbnail","hentry","category-knowledge","tag-bianco-carrara","tag-bianco-carrara-marble","tag-bianco-carrara-white-marble","tag-carrara-bianco-marble","tag-carrara-marble-ston","tag-carrara-marbl","tag-carrara-marbl-countrtops","tag-carrara-marbl-worktop","tag-italian-whit-marbl","tag-whit-bianco-carrara-marbl","tag-whit-carrara-marbl","tag-whit-carrara-marbl-countrtops","tag-whit-marbl"],"acf":[],"_links":{"self":[{"href":"https:\/\/whitemarblegranite.com\/hu\/wp-json\/wp\/v2\/posts\/494216","targetHints":{"allow":["GET"]}}],"collection":[{"href":"https:\/\/whitemarblegranite.com\/hu\/wp-json\/wp\/v2\/posts"}],"about":[{"href":"https:\/\/whitemarblegranite.com\/hu\/wp-json\/wp\/v2\/types\/post"}],"author":[{"embeddable":true,"href":"https:\/\/whitemarblegranite.com\/hu\/wp-json\/wp\/v2\/users\/6"}],"replies":[{"embeddable":true,"href":"https:\/\/whitemarblegranite.com\/hu\/wp-json\/wp\/v2\/comments?post=494216"}],"version-history":[{"count":0,"href":"https:\/\/whitemarblegranite.com\/hu\/wp-json\/wp\/v2\/posts\/494216\/revisions"}],"wp:featuredmedia":[{"embeddable":true,"href":"https:\/\/whitemarblegranite.com\/hu\/wp-json\/wp\/v2\/media\/494202"}],"wp:attachment":[{"href":"https:\/\/whitemarblegranite.com\/hu\/wp-json\/wp\/v2\/media?parent=494216"}],"wp:term":[{"taxonomy":"category","embeddable":true,"href":"https:\/\/whitemarblegranite.com\/hu\/wp-json\/wp\/v2\/categories?post=494216"},{"taxonomy":"post_tag","embeddable":true,"href":"https:\/\/whitemarblegranite.com\/hu\/wp-json\/wp\/v2\/tags?post=494216"}],"curies":[{"name":"wp","href":"https:\/\/api.w.org\/{rel}","templated":true}]}}