{"id":494468,"date":"2024-01-07T13:04:01","date_gmt":"2024-01-07T05:04:01","guid":{"rendered":"https:\/\/whitemarblegranite.com\/?p=494468"},"modified":"2024-01-07T14:48:06","modified_gmt":"2024-01-07T06:48:06","slug":"statuario-marble-vs-calacatta","status":"publish","type":"post","link":"https:\/\/whitemarblegranite.com\/hu\/statuario-marble-vs-calacatta\/","title":{"rendered":"Statuario m\u00e1rv\u00e1ny Vs Calacatta"},"content":{"rendered":"<h3 style=\"text-align: center;\"><span style=\"font-size: 18pt;\"><strong><span style=\"font-family: arial, helvetica, sans-serif; color: #000000;\">A k\u00fcl\u00f6nbs\u00e9g a Statuario m\u00e1rv\u00e1ny \u00e9s a Calacatta m\u00e1rv\u00e1ny k\u00f6z\u00f6tt | Esta Stone<\/span><\/strong><\/span><\/h3>\n<p>&nbsp;<\/p>\n<p><span style=\"font-family: arial, helvetica, sans-serif; font-size: 14pt; color: #000000;\">N\u00e9h\u00e1ny anyag, mint p\u00e9ld\u00e1ul az olasz feh\u00e9r m\u00e1rv\u00e1ny, a luxus diz\u00e1jn \u00e9s \u00e9p\u00edt\u00e9szet kifinomults\u00e1g\u00e1t sugallja. V\u00e1ltozatai k\u00f6z\u00fcl a Statuario \u00e9s a Calacatta m\u00e1rv\u00e1ny a halhatatlan pompa t\u00e9tem\u00e9nyesei. A hatalmas Carrara k\u00f6rny\u00e9k\u00e9r\u0151l sz\u00e1rmaz\u00f3 k\u0151zetek m\u00e1r r\u00e9g\u00f3ta nem az \u00f3kori R\u00f3ma uralkod\u00f3it \u00e9p\u00edtett\u00e9k a legegyszer\u0171bben, hanem a kort\u00e1rs luxust is meghat\u00e1rozt\u00e1k: a csod\u00e1latos d\u00edsz\u00edt\u00e9ssel d\u00edsz\u00edtett, tiszta feh\u00e9r h\u00e1tter\u00fck a diz\u00e1jnban a luxus v\u00e9djegy\u00e9v\u00e9 v\u00e1lt.<\/span><\/p>\n<p><span style=\"font-family: arial, helvetica, sans-serif; font-size: 14pt; color: #000000;\">A Statuario Marbl\u0435, a titokzatoss\u00e1g \u00e9s a dr\u00e1mai vonalak ropog\u00f3s feh\u00e9rs\u00e9g\u00e9vel, a szobr\u00e1szok \u00e9s \u00e9p\u00edt\u00e9szek \u00e1ltal v\u00e1lasztott m\u00e1rv\u00e1ny m\u00e1r r\u00e9g\u00f3ta a legkedveltebb. Ez a finom \u00edzl\u00e9s k\u00e9pm\u00e1sa, \u00e9s a legdr\u00e1g\u00e1bb \u00e9p\u00edtkez\u00e9sek alapanyaga, gyakran megtal\u00e1lhat\u00f3 a legdr\u00e1g\u00e1bb \u00e9p\u00fcletek \u00e9s otthonok fel\u00fclet\u00e9nek d\u00edsz\u00edt\u00e9sek\u00e9nt. Ritkas\u00e1ga k\u00e9zzelfoghat\u00f3an hozz\u00e1j\u00e1rul a megbecs\u00fclts\u00e9g\u00e9hez, \u00e9s \u00e9rt\u00e9kes tulajdonk\u00e9nt jel\u00f6li meg azok sz\u00e1m\u00e1ra, akik el\u00e9g szerencs\u00e9sek ahhoz, hogy megszerezz\u00e9k.<\/span><\/p>\n<figure id=\"attachment_494471\" aria-describedby=\"caption-attachment-494471\" style=\"width: 1100px\" class=\"wp-caption aligncenter\"><img fetchpriority=\"high\" decoding=\"async\" class=\"size-full wp-image-494471\" title=\"Statuario feh\u00e9r m\u00e1rv\u00e1ny iroda \u00e9p\u00fclet lobby projektek Esta Stone\" src=\"http:\/\/whitemarblegranite.com\/wp-content\/uploads\/2024\/01\/Statuario-White-Marble-office-Building-Lobby-Projects-Esta-Stone.webp\" alt=\"Statuario feh\u00e9r m\u00e1rv\u00e1ny iroda \u00e9p\u00fclet lobby projektek Esta Stone\" width=\"1100\" height=\"626\" srcset=\"https:\/\/whitemarblegranite.com\/wp-content\/uploads\/2024\/01\/Statuario-White-Marble-office-Building-Lobby-Projects-Esta-Stone.webp 1100w, https:\/\/whitemarblegranite.com\/wp-content\/uploads\/2024\/01\/Statuario-White-Marble-office-Building-Lobby-Projects-Esta-Stone-300x171.webp 300w, https:\/\/whitemarblegranite.com\/wp-content\/uploads\/2024\/01\/Statuario-White-Marble-office-Building-Lobby-Projects-Esta-Stone-1024x583.webp 1024w, https:\/\/whitemarblegranite.com\/wp-content\/uploads\/2024\/01\/Statuario-White-Marble-office-Building-Lobby-Projects-Esta-Stone-768x437.webp 768w, https:\/\/whitemarblegranite.com\/wp-content\/uploads\/2024\/01\/Statuario-White-Marble-office-Building-Lobby-Projects-Esta-Stone-18x10.webp 18w\" sizes=\"(max-width: 1100px) 100vw, 1100px\" \/><figcaption id=\"caption-attachment-494471\" class=\"wp-caption-text\">Statuario feh\u00e9r m\u00e1rv\u00e1ny iroda\u00e9p\u00fclet lobby projektek - Esta Stone<\/figcaption><\/figure>\n<p><span style=\"font-family: arial, helvetica, sans-serif; font-size: 14pt; color: #000000;\">Calacatta Marbl\u0435, hasonl\u00f3an tekint\u00e9lyes, \u00e9rtik a vibr\u00e1l\u00f3 feh\u00e9r t\u00f6rt\u00e9nelmi m\u00falt \u00e9s elhelyez\u00e9se v\u0435ins, hogy v\u00e1ltozik a sz\u00ednez\u00e9s sz\u00fcrk\u00e9t\u0151l gold\u0435n \u00e1rnyalat\u00fa. Mer\u00e9sz, dr\u00e1mai \u00e9s mag\u00e1val ragad\u00f3. Ez a feh\u00e9r m\u00e1rv\u00e1ny k\u00e9pes b\u00e1rmilyen teret a sz\u00e9ps\u00e9g v\u00edzi\u00f3j\u00e1v\u00e1 v\u00e1ltoztatni, mivel minden egyes burkol\u00f3lap egyedi jelleget k\u00f6lcs\u00f6n\u00f6z a maga egyedi jellegzetes sz\u00ednvil\u00e1g\u00e1val.<\/span><\/p>\n<p><span style=\"font-family: arial, helvetica, sans-serif; font-size: 14pt; color: #000000;\">A Statuario \u00e9s a Calacatta k\u00f6z\u00f6tti k\u00fcl\u00f6nbs\u00e9gt\u00e9tel t\u00f6bb, mint egy aszfaltcs\u00edk - ez k\u00f6r\u00fclbel\u00fcl olyan, mintha egy szeletet szeleteln\u00e9nk, hogy azt a r\u00e9sbe v\u00e1gjuk, amit a szelet beburkol, Ahogy belemer\u00fcl\u00fcnk a k\u0151 eredet\u00e9nek, otthon\u00e1nak \u00e9s felhaszn\u00e1l\u00e1s\u00e1nak rejtelmeibe, egy id\u0151n \u00e1t\u00edvel\u0151 utaz\u00e1son vesz\u00fcnk r\u00e9szt, Olaszorsz\u00e1g t\u00f6rt\u00e9nelmi k\u0151b\u00e1ny\u00e1it\u00f3l a tr\u00fckk\u00f6s \u00e9p\u00edt\u00e9szeti v\u00e1sznak mai v\u00e1sznaiig.<\/span><\/p>\n<ul>\n<li>\n<h4><span style=\"font-size: 18pt;\"><strong><span style=\"font-family: arial, helvetica, sans-serif; color: #000000;\">1. Bevezet\u00e9s az olasz nyelvbe Whit\u0435 Marbl\u0435<\/span><\/strong><\/span><\/h4>\n<\/li>\n<\/ul>\n<p><span style=\"font-family: arial, helvetica, sans-serif; font-size: 14pt; color: #000000;\">Az olasz feh\u00e9r m\u00e1rv\u00e1ny a luxus \u00e9s az \u00f6r\u00f6kk\u00e9 tart\u00f3 elegancia p\u00e9ldak\u00e9pe, amely a t\u00f6rt\u00e9nelemben gy\u00f6keret vert, \u00e9s a mai diz\u00e1jn vil\u00e1g\u00e1ba is \u00e1tny\u00falik. Ez az \u00e9kes k\u0151 a vil\u00e1gh\u00e1bor\u00fak csarnok\u00e1t \u00e9s a vil\u00e1gh\u00e1bor\u00fak lak\u00f3helyeit is bebor\u00edtotta, ami a tart\u00f3s preszt\u00edzs\u00e9nek a jele. Az \u00e9szak-olaszorsz\u00e1gi Apu\u00e1niai Alpokban tal\u00e1lhat\u00f3 Carrara k\u00f6rny\u00e9ke, az \u00e9szak-olaszorsz\u00e1gi Apu\u00e1niai Alpokban tal\u00e1lhat\u00f3 s\u00edks\u00e1g volt a b\u00f6lcs\u0151je ennek az \u00e9rt\u00e9kes term\u00e9szetes k\u0151b\u0151l k\u00e9sz\u00fclt d\u00edsz\u00edt\u0151anyagnak, amely a vil\u00e1g legszentebb ar\u00e9n\u00e1it d\u00edsz\u00edt\u0151 m\u00e1rv\u00e1nyok csal\u00e1dj\u00e1t hozta l\u00e9tre.<\/span><\/p>\n<ul>\n<li>\n<h5><strong><span style=\"font-family: arial, helvetica, sans-serif; font-size: 14pt; color: #000000;\">1.1 Az olasz feh\u00e9r m\u00e1rv\u00e1ny el\u0151k\u00e9pe a t\u00f6rt\u00e9nelemben \u00e9s a v\u00e1g\u00e1s jelz\u00e9seiben<\/span><\/strong><\/h5>\n<\/li>\n<\/ul>\n<p><span style=\"font-family: arial, helvetica, sans-serif; font-size: 14pt; color: #000000;\">A carrarai helysz\u00edn, az olaszorsz\u00e1gi Apuan Alpok sz\u00edv\u00e9ben fekv\u0151 fens\u00e9ges \u00e9s szikl\u00e1s kiterjed\u00e9s\u0171 ter\u00fclet, a vil\u00e1g legfinomabb feh\u00e9r m\u00e1rv\u00e1ny\u00e1nak szinonim\u00e1ja. Ez az a szent f\u00f6ld, ahol a term\u00e9szet m\u0171v\u00e9szete a sz\u00fcrke \u00e9s arany \u00e1rnyalatokkal \u00e1tsz\u0151tt, tiszta, feh\u00e9r k\u0151 alakj\u00e1ban t\u00e1rul el\u00e9nk, minden egyes t\u00e1bla egyedi mes\u00e9vel. Az innen sz\u00e1rmaz\u00f3 m\u00e1rv\u00e1nyok fajt\u00e1i \u00e9ppoly v\u00e1ltozatosak, mint amilyen leny\u0171g\u00f6z\u0151ek - a klasszikus Bianco Carrar\u00e1t\u00f3l kezdve a finom erezet\u0171 \u00e9s sima feh\u00e9rs\u00e9g\u0171 Bianco Carrar\u00e1n \u00e1t a rendk\u00edv\u00fcl dr\u00e1ga Calacatt\u00e1ig, amely s\u0171r\u0171, dr\u00e1mai erezet\u00e9r\u0151l \u00e9s f\u00e9nyes t\u00f6rt\u00e9nelmi m\u00faltj\u00e1r\u00f3l h\u00edres, \u00e9s a legdr\u00e1g\u00e1bb Statuarioig, amelyet tisztas\u00e1g\u00e1\u00e9rt \u00e9s mer\u00e9sz, l\u00f3g\u00f3 mint\u00e1zatai\u00e9rt d\u00edjaznak.<\/span><\/p>\n<figure id=\"attachment_494472\" aria-describedby=\"caption-attachment-494472\" style=\"width: 600px\" class=\"wp-caption alignright\"><img decoding=\"async\" class=\"wp-image-494472\" title=\"Statuario m\u00e1rv\u00e1ny Hotel Lobby Designs Esta Stone\" src=\"http:\/\/whitemarblegranite.com\/wp-content\/uploads\/2024\/01\/Statuario-Marble-Hotel-Lobby-Designs-Esta-Stone.webp\" alt=\"Statuario m\u00e1rv\u00e1ny Hotel Lobby Designs Esta Stone\" width=\"600\" height=\"391\" srcset=\"https:\/\/whitemarblegranite.com\/wp-content\/uploads\/2024\/01\/Statuario-Marble-Hotel-Lobby-Designs-Esta-Stone.webp 1100w, https:\/\/whitemarblegranite.com\/wp-content\/uploads\/2024\/01\/Statuario-Marble-Hotel-Lobby-Designs-Esta-Stone-300x195.webp 300w, https:\/\/whitemarblegranite.com\/wp-content\/uploads\/2024\/01\/Statuario-Marble-Hotel-Lobby-Designs-Esta-Stone-1024x667.webp 1024w, https:\/\/whitemarblegranite.com\/wp-content\/uploads\/2024\/01\/Statuario-Marble-Hotel-Lobby-Designs-Esta-Stone-768x500.webp 768w, https:\/\/whitemarblegranite.com\/wp-content\/uploads\/2024\/01\/Statuario-Marble-Hotel-Lobby-Designs-Esta-Stone-18x12.webp 18w\" sizes=\"(max-width: 600px) 100vw, 600px\" \/><figcaption id=\"caption-attachment-494472\" class=\"wp-caption-text\">Statuario m\u00e1rv\u00e1ny Hotel Lobby Designs Esta Stone<\/figcaption><\/figure>\n<ul>\n<li>\n<h6><strong><span style=\"font-family: arial, helvetica, sans-serif; font-size: 14pt; color: #000000;\">1.2 A carrarai r\u00e9gi\u00f3 \u00e9s a m\u00e1rv\u00e1nyfajt\u00e1k r\u00f6vid bemutat\u00e1sa<\/span><\/strong><\/h6>\n<\/li>\n<\/ul>\n<p><span style=\"font-family: arial, helvetica, sans-serif; font-size: 14pt; color: #000000;\">A carrarai m\u00e1rv\u00e1ny minden fajt\u00e1ja a maga saj\u00e1tos jellegzetess\u00e9g\u00e9vel b\u00edr, de mindegyiknek k\u00f6z\u00f6s a megel\u00e9gedetts\u00e9g \u00e9s a preszt\u00edzs. Ezek a k\u00f6vek a szobr\u00e1szok sz\u00e1m\u00e1ra a Michelangell\u00f3val egy\u00fctt a szobr\u00e1szok sarokk\u00f6vei voltak, \u00e9s a k\u00e9zm\u0171veseket \u00e9s az \u00e9p\u00edt\u00e9szeket is elragadtatt\u00e1k a nagyszer\u0171 \u00e9rintkez\u00e9s\u00fckkel \u00e9s ruganyos term\u00e9szet\u00fckkel. A v\u00e1gott diz\u00e1jnban az olasz feh\u00e9r m\u00e1rv\u00e1ny nem mindig a klasszikus b\u00e9rautizmushoz val\u00f3 visszat\u00e9r\u00e9s, hanem a modoross\u00e1g megtestes\u00edt\u0151je, amely a r\u00e9gi \u00e9s a mai kor k\u00f6z\u00f6tt hidat k\u00e9pez\u0151, sima, m\u0171alkot\u00e1sokhoz illeszkedik. Milli\u00f3an kedvelik az\u00e9rt, mert k\u00e9pes a tereket az elegancia v\u00e1szn\u00e1v\u00e1 var\u00e1zsolni, legyen sz\u00f3 ak\u00e1r egy modern konyha dekor\u00e1ci\u00f3s pultj\u00e1r\u00f3l, egy modern mosd\u00f3 szent\u00e9ly\u00e9r\u0151l, vagy az \u00e9gbolt v\u00e1ltoz\u00f3 sz\u00edneit \u00e1br\u00e1zol\u00f3 gy\u00f6ny\u00f6r\u0171 padl\u00f3r\u00f3l.<\/span><\/p>\n<p>&nbsp;<\/p>\n<p><span style=\"font-family: arial, helvetica, sans-serif; font-size: 14pt; color: #000000;\">Ez\u00e9rt a carrarai ar\u00e9na b\u0151s\u00e9ges term\u00e9se ma is aj\u00e1nd\u00e9k a vil\u00e1gnak, Olaszorsz\u00e1g gazdag term\u00e9szeti t\u00f6rt\u00e9nelm\u00e9nek \u00e9s az emberis\u00e9g pompa\u00e9rz\u00e9kel\u00e9s\u00e9nek alak\u00edt\u00e1s\u00e1ban bet\u00f6lt\u00f6tt k\u00f6zponti szerep\u00e9nek eml\u00e9ke. H\u00eddk\u00e9nt \u00e1ll a F\u00f6ld geol\u00f3giai vil\u00e1ga \u00e9s az emberi k\u00e9zm\u0171vess\u00e9g cs\u00facsa k\u00f6z\u00f6tt, a k\u0151zetek sz\u0151nyegei \u00e9s a f\u00e9ny\u0171z\u0151, f\u00e9nyes finomszemcs\u00e9kkel d\u00edsz\u00edtett luxuskivitelek k\u00f6z\u00f6tt. Az olasz feh\u00e9r m\u00e1rv\u00e1ny tov\u00e1bbra is az elegancia vitathatatlan log\u00f3ja \u00e9s az id\u0151t, tulajdons\u00e1gokat \u00e9s hat\u00e1rokat fel\u00fclm\u00fal\u00f3 sz\u00f6vet kvintesszenci\u00e1ja.<\/span><\/p>\n<ul>\n<li>\n<h4><span style=\"font-size: 18pt;\"><strong><span style=\"font-family: arial, helvetica, sans-serif; color: #000000;\">2. Az olasz feh\u00e9r Marbl\u0435s n\u00e9pszer\u0171s\u00e9ge \u00e9s k\u00e9nyelme<\/span><\/strong><\/span><\/h4>\n<\/li>\n<\/ul>\n<p><span style=\"font-family: arial, helvetica, sans-serif; font-size: 14pt; color: #000000;\">Az olasz feh\u00e9r m\u00e1rv\u00e1ny m\u00e1r r\u00e9g\u00f3ta a luxus, a kifinomults\u00e1g \u00e9s az id\u0151t\u00e1ll\u00f3 pompa szinonim\u00e1ja. Ezek a csod\u00e1latos k\u00f6vek \u00e9vsz\u00e1zadok \u00f3ta d\u00edsz\u00edtik palot\u00e1k, katedr\u00e1lisok \u00e9s a vil\u00e1g legel\u0151kel\u0151bb \u00e9p\u00fcleteinek belsej\u00e9t. Ez a r\u00e9szlet az olasz feh\u00e9r m\u00e1rv\u00e1ny elb\u0171v\u00f6l\u0151 var\u00e1zs\u00e1t \u00e9s a luxusnak azt a k\u00fcl\u00f6nleges \u00e9rzet\u00e9t kelti, amelyet az \u00e9p\u00edt\u00e9szeti \u00e9s t\u00e1j\u00e9p\u00edt\u00e9szeti megold\u00e1sokhoz k\u00f6lcs\u00f6n\u00f6z.<\/span><\/p>\n<p><span style=\"font-family: arial, helvetica, sans-serif; font-size: 14pt; color: #000000;\">Az olasz feh\u00e9r m\u00e1rv\u00e1nynak a t\u00f6rt\u00e9nelmi R\u00f3m\u00e1ig visszavezethet\u0151, hossz\u00fa m\u00faltra visszatekint\u0151 kapcsolata van. E m\u00e1rv\u00e1nyt nagyszer\u0171 szobrokban, eml\u00e9km\u0171vekben \u00e9s otthonokban haszn\u00e1lj\u00e1k, ami a m\u00e1rv\u00e1nyok \u00f6r\u00f6k b\u00e1j\u00e1t mutatja. A vil\u00e1gh\u00edrn\u00e9vre val\u00f3 felemelked\u00e9s\u00fck az \u00e9szak-olaszorsz\u00e1gi Carrara r\u00e9gi\u00f3ban kezd\u0151d\u00f6tt, ahonnan a vil\u00e1g legkeresettebb m\u00e1rv\u00e1nyai, a Statuario \u00e9s a Calacatta mellett a vil\u00e1g egyik legkeresettebb m\u00e1rv\u00e1nyai sz\u00e1rmaznak.<\/span><\/p>\n<p><span style=\"font-family: arial, helvetica, sans-serif; font-size: 14pt; color: #000000;\">A Statuario \u00e9s a Calacatta m\u00e1rv\u00e1ny az id\u0151k sor\u00e1n a luxus cs\u00facs\u00e1t jelentette a term\u00e9szetes k\u00f6vek vil\u00e1g\u00e1ban. A dr\u00e1mai v\u00e9n\u00e1val d\u00edsz\u00edtett, feh\u00e9r h\u00e1tt\u00e9r ikonikuss\u00e1 tette \u0151ket a luxus ar\u00e9n\u00e1k megteremt\u00e9s\u00e9re t\u00f6rekv\u0151 diz\u00e1jnerek \u00e9s diz\u00e1jnerek sz\u00e1m\u00e1ra.<\/span><\/p>\n<ul>\n<li>\n<h4><strong><span style=\"font-family: arial, helvetica, sans-serif; font-size: 18pt; color: #000000;\">3. A Statuario m\u00e1rv\u00e1ny \u00e9s a Calacatta feh\u00e9r m\u00e1rv\u00e1ny felh\u0151tlen\u00edt\u00e9se.<\/span><\/strong><\/h4>\n<\/li>\n<\/ul>\n<p><span style=\"font-family: arial, helvetica, sans-serif; font-size: 14pt; color: #000000;\">Statuario m\u00e1rv\u00e1ny vs. Calacatta m\u00e1rv\u00e1ny: A rendk\u00edv\u00fcli ragyog\u00e1s felold\u00e1sa<\/span><\/p>\n<p><span style=\"font-family: arial, helvetica, sans-serif; font-size: 14pt; color: #000000;\">A Statuario \u00e9s a Calacatta m\u00e1rv\u00e1nyok nem csak nevek, hanem a k\u0151be \u00e1gyazott elegancia kifejez\u00e9sei. Ez a szakasz megismerteti a l\u00e1togat\u00f3kat ezekkel az ikonikus m\u00e1rv\u00e1nyokkal, amelyek mindegyik\u00e9nek megvan a maga inform\u00e1ci\u00f3s k\u00e9pess\u00e9ge.<\/span><\/p>\n<figure id=\"attachment_494473\" aria-describedby=\"caption-attachment-494473\" style=\"width: 600px\" class=\"wp-caption alignleft\"><img decoding=\"async\" class=\"wp-image-494473\" title=\"Statuario m\u00e1rv\u00e1ny l\u00e9pcs\u0151 projektek Esta Stone\" src=\"http:\/\/whitemarblegranite.com\/wp-content\/uploads\/2024\/01\/Statuario-Marble-Stair-Projects-Esta-Stone.webp\" alt=\"Statuario m\u00e1rv\u00e1ny l\u00e9pcs\u0151 projektek Esta Stone\" width=\"600\" height=\"873\" srcset=\"https:\/\/whitemarblegranite.com\/wp-content\/uploads\/2024\/01\/Statuario-Marble-Stair-Projects-Esta-Stone.webp 1100w, https:\/\/whitemarblegranite.com\/wp-content\/uploads\/2024\/01\/Statuario-Marble-Stair-Projects-Esta-Stone-206x300.webp 206w, https:\/\/whitemarblegranite.com\/wp-content\/uploads\/2024\/01\/Statuario-Marble-Stair-Projects-Esta-Stone-704x1024.webp 704w, https:\/\/whitemarblegranite.com\/wp-content\/uploads\/2024\/01\/Statuario-Marble-Stair-Projects-Esta-Stone-768x1117.webp 768w, https:\/\/whitemarblegranite.com\/wp-content\/uploads\/2024\/01\/Statuario-Marble-Stair-Projects-Esta-Stone-1056x1536.webp 1056w, https:\/\/whitemarblegranite.com\/wp-content\/uploads\/2024\/01\/Statuario-Marble-Stair-Projects-Esta-Stone-8x12.webp 8w\" sizes=\"(max-width: 600px) 100vw, 600px\" \/><figcaption id=\"caption-attachment-494473\" class=\"wp-caption-text\">Statuario m\u00e1rv\u00e1ny l\u00e9pcs\u0151 projektek Esta Stone<\/figcaption><\/figure>\n<ul>\n<li>\n<h5><strong><span style=\"font-family: arial, helvetica, sans-serif; font-size: 14pt; color: #000000;\">3.1 Statuario White Marbl\u0435: A sikkes pompa megtestes\u00edt\u0151je<\/span><\/strong><\/h5>\n<\/li>\n<\/ul>\n<p><span style=\"font-family: arial, helvetica, sans-serif; font-size: 14pt; color: #000000;\"><strong><a href=\"https:\/\/whitemarblegranite.com\/hu\/product\/white-statuario-marble-slabs\/\">Statuario feh\u00e9r m\u00e1rv\u00e1ny<\/a><\/strong> Az olaszorsz\u00e1gi Carrara k\u00f6rny\u00e9k\u00e9r\u0151l sz\u00e1rmazik, \u00e9s milli\u00f3k ismerik \u00e9l\u00e9nk feh\u00e9r t\u00f6rt\u00e9nelmi m\u00faltj\u00e1r\u00f3l \u00e9s mer\u00e9sz, kontrasztos bord\u00e1zat\u00e1r\u00f3l. A Statuario m\u00e1rv\u00e1nyb\u00f3l k\u00e9sz\u00fclt, gyakran sz\u00fcrke vagy arany \u00e1rnyalat\u00fa v\u00e1sznak a feh\u00e9r v\u00e1sznon t\u00e1ncra perd\u00fclnek, \u00e9s elb\u0171v\u00f6l\u0151 m\u00f3don t\u00e1ncolnak a krist\u00e1lytiszta feh\u00e9r v\u00e1sznon. Ez a m\u00e1rv\u00e1ny a klasszikus eleganci\u00e1ra \u00e9s pomp\u00e1ra t\u00f6rekv\u0151k kedvenc pr\u00e9miuma.<\/span><\/p>\n<ul>\n<li>\n<h5><strong><span style=\"font-family: arial, helvetica, sans-serif; font-size: 14pt; color: #000000;\">3.2 Calacatta White Marbl\u0435: Az ambici\u00f3zus d\u00e9klar\u00e1ci\u00f3s makett<\/span><\/strong><\/h5>\n<\/li>\n<\/ul>\n<p><span style=\"font-family: arial, helvetica, sans-serif; font-size: 14pt; color: #000000;\">A calacatta m\u00e1rv\u00e1ny, egy m\u00e1sik, a carrarai k\u00f6rny\u00e9kr\u0151l sz\u00e1rmaz\u00f3 anyag, dr\u00e1mai, vastag bord\u00e1i \u00e9s vil\u00e1g\u00edt\u00f3 feh\u00e9r t\u00f6rt\u00e9nelmi m\u00faltja miatt n\u00e9pszer\u0171. Ez a tanulm\u00e1ny a Calacatta-t megk\u00fcl\u00f6nb\u00f6ztet\u0151 jegyeit vizsg\u00e1lja, amelyek a sz\u00fcrk\u00e9t\u0151l a k\u00e9ken \u00e1t az aranyig terjed\u0151 k\u00fcl\u00f6nb\u00f6z\u0151 \u00e1rnyalataib\u00f3l \u00e1llnak. A Calacatta a mer\u00e9szs\u00e9get jelk\u00e9pezi, \u00e9s gyakran a legmegfelel\u0151bb v\u00e1laszt\u00e1s azoknak a p\u00e9opl\u00e1knak, akik egy extra-portr\u00e9 sz\u00ednvil\u00e1g\u00fa burkolatot szeretn\u00e9nek.<\/span><\/p>\n<ul>\n<li>\n<h6><strong><span style=\"font-family: arial, helvetica, sans-serif; font-size: 14pt; color: #000000;\">3.3 :<\/span><\/strong><strong><span style=\"font-family: arial, helvetica, sans-serif; font-size: 14pt; color: #000000;\">Statuario m\u00e1rv\u00e1ny vs.Calacatta m\u00e1rv\u00e1ny: M\u00e1rton: In-depth \u00f6sszehasonl\u00edt\u00e1s<\/span><\/strong><\/h6>\n<\/li>\n<\/ul>\n<p><span style=\"font-family: arial, helvetica, sans-serif; font-size: 14pt; color: #000000;\">Ahogy mi elindulunk ezen a felfedez\u0151 \u00faton, ennek az \u00fajs\u00e1gnak az els\u0151dleges c\u00e9lja, hogy a Statuario \u00e9s a Calacatta m\u00e1rv\u00e1nyok \u00e1tfog\u00f3 \u00f6ssze\u00e1ll\u00edt\u00e1s\u00e1t ny\u00fajtsa. M\u00edg mindk\u00e9t m\u00e1rv\u00e1nynak van egy nem szokatlan kiindul\u00e1si helye \u00e9s luxusa, saj\u00e1tos tulajdons\u00e1gokkal rendelkeznek, amelyek egyedi \u00edzl\u00e9seknek \u00e9s diz\u00e1jn-eszt\u00e9tik\u00e1nak felelnek meg.<\/span><\/p>\n<p><span style=\"font-family: arial, helvetica, sans-serif; font-size: 14pt; color: #000000;\">A k\u00f6vetkez\u0151 r\u00e9szek e m\u00e1rv\u00e1nyok sz\u00e9ps\u00e9geivel foglalkoznak, bele\u00e9rtve a kin\u00e9zet\u00fcket, a ritkas\u00e1gukat, a programokat, a hozz\u00e1f\u00e9rhet\u0151s\u00e9g\u00fcket \u00e9s a st\u00e1tuszukat. E r\u00e9szletes \u00f6sszehasonl\u00edt\u00e1s v\u00e9g\u00e9re \u00d6n olyan inform\u00e1ci\u00f3kkal lesz ell\u00e1tva, amelyek birtok\u00e1ban tudatosan d\u00f6nthet a megfelel\u0151 m\u00e1rv\u00e1nyr\u00f3l az \u00e9p\u00edt\u00e9szeti vagy diz\u00e1jnprojektj\u00e9hez.<\/span><\/p>\n<p><span style=\"font-family: arial, helvetica, sans-serif; font-size: 14pt; color: #000000;\">Ez az \u00fajs\u00e1g c\u00e9lja, hogy \u00e9rt\u00e9kes forr\u00e1sk\u00e9nt szolg\u00e1ljon \u00e9p\u00edt\u00e9szek, bels\u0151\u00e9p\u00edt\u00e9szek, tulajdonosok \u00e9s mindenki sz\u00e1m\u00e1ra, aki \u00e9rt\u00e9keli az olasz feh\u00e9r m\u00e1rv\u00e1ny id\u0151t\u00e1ll\u00f3s\u00e1g\u00e1t. Legyen r\u00e9szese ennek a tan\u00e1cskoz\u00e1snak, mik\u00f6zben felfedezz\u00fck a Statuario feh\u00e9r m\u00e1rv\u00e1ny \u00e9s a feh\u00e9r Calacatta m\u00e1rv\u00e1ny \u00e1rnyalatait, bemutatva egy\u00e9nis\u00e9g\u00fcket \u00e9s azt a luxust, amelyet az elrendez\u00e9s \u00e9s az \u00e9p\u00edt\u00e9szet vil\u00e1g\u00e1ba hoznak.<\/span><\/p>\n<ul>\n<li>\n<h5><span style=\"font-size: 14pt;\"><strong><span style=\"font-family: arial, helvetica, sans-serif; color: #000000;\">3.4: Az olasz feh\u00e9r m\u00e1rv\u00e1nyok jellemz\u0151i \u00e9s megjelen\u00e9se<\/span><\/strong><\/span><\/h5>\n<\/li>\n<\/ul>\n<p><span style=\"font-family: arial, helvetica, sans-serif; font-size: 14pt; color: #000000;\">Az olasz feh\u00e9r m\u00e1rv\u00e1ny, a Statuario \u00e9s a Calacatta, a gy\u00f6ny\u00f6r\u0171 tulajdons\u00e1gair\u00f3l \u00e9s elb\u0171v\u00f6l\u0151 megjelen\u00e9s\u00e9r\u0151l ismert. Ebben a f\u00e1zisban r\u00e9szletesen megvizsg\u00e1lhatjuk azokat a tulajdons\u00e1gokat, amelyek ezeket a m\u00e1rv\u00e1nyokat jellemzik, bele\u00e9rtve a m\u00e1rv\u00e1nyok domborzat\u00e1t, sz\u00edn\u00e9t \u00e9s st\u00edlus\u00e1t.<\/span><\/p>\n<ul>\n<li>\n<h6><strong><span style=\"font-family: arial, helvetica, sans-serif; font-size: 14pt; color: #000000;\">3.4.1 A Statuario \u00e9s a Calacatta m\u00e1rv\u00e1ny probl\u00e9m\u00e1s t\u00e1nca<\/span><\/strong><\/h6>\n<\/li>\n<li><strong><span style=\"font-family: arial, helvetica, sans-serif; font-size: 14pt; color: #000000;\">Statuario Marbl\u0435:<\/span><\/strong><\/li>\n<\/ul>\n<p><span style=\"font-family: arial, helvetica, sans-serif; font-size: 14pt; color: #000000;\">A Statuario marbl\u00e9 a f\u00e9nyes feh\u00e9r v\u00e1szonra eml\u00e9keztet\u0151, cs\u00facsmin\u0151s\u00e9g\u0171 bord\u0171r t\u00e1ncot j\u00e1r. A v\u00edzt\u00fckr\u00f6k, amelyek \u00e1ltal\u00e1ban gr\u00f6ndsz\u00edn\u0171 vagy aranysz\u00edn\u0171 napszem\u00fcvegben pomp\u00e1znak, kecsesen lebegnek a padl\u00f3n, \u00e9s a t\u00f6rzsek sz\u00f6vev\u00e9nyes sz\u00f6vev\u00e9ny\u00e9t alkotj\u00e1k. A Calacatta m\u00e1rv\u00e1nyt\u00f3l elt\u00e9r\u0151en a Statuario m\u00e1rv\u00e1ny burkolata diff\u00fazabb \u00e9s szecessz\u00edvebb, finom rajzolat\u00fa mint\u00e1kat id\u00e9z. A Statuario m\u00e1rv\u00e1nyban a m\u00e1rv\u00e1nysz\u00e1lak fens\u00e9ges sz\u00e9ps\u00e9g\u0171ek, ami a vil\u00e1goss\u00e1g \u00e9s az el\u0151kel\u0151s\u00e9g l\u00e1tszat\u00e1t kelti. A Statuario kiv\u00e1l\u00f3 v\u00e1laszt\u00e1s azok sz\u00e1m\u00e1ra, akik kifinomult \u00e9s id\u0151t\u00e1ll\u00f3 megjelen\u00e9sre t\u00f6rekszenek.<\/span><\/p>\n<ul>\n<li><strong><span style=\"font-family: arial, helvetica, sans-serif; font-size: 14pt; color: #000000;\">Calacatta Marbl\u0435:<\/span><\/strong><\/li>\n<\/ul>\n<p><span style=\"font-family: arial, helvetica, sans-serif; font-size: 14pt; color: #000000;\">A calacatta m\u00e1rv\u00e1ny viszont mer\u00e9sz \u00e9s dr\u00e1mai v\u00e9nekkel b\u00fcszk\u00e9lkedhet, ami vizu\u00e1lisan is mast\u0435rpi\u0435c\u0435 lehet. A Calacatta m\u00e1rv\u00e1nyb\u00f3l k\u00e9sz\u00fclt v\u00e1zak vastags\u00e1gukr\u00f3l \u00e9s kiemelked\u0151 m\u00e9ret\u00fckr\u0151l ismertek, \u00e9s minden teret feldobnak. B\u00e1r a sz\u00fcrk\u00e9t\u0151l a k\u00e9kig vagy az aranyig terjedhet a sz\u00edn\u00fck, a Calacatta m\u00e1rv\u00e1nyt az intimit\u00e1suk k\u00fcl\u00f6nb\u00f6zteti meg igaz\u00e1n. A calacatta m\u00e1rv\u00e1ny bord\u00e1zata gyakran kaotikusabb \u00e9s dinamikusabb, \u00e9s olyan b\u00e1jos, figyelemfelkelt\u0151 hat\u00e1st kelt.<\/span><\/p>\n<ul>\n<li>\n<h6><strong><span style=\"font-family: arial, helvetica, sans-serif; font-size: 14pt; color: #000000;\">3.4.2 A tiszta feh\u00e9r h\u00e9v\u00edz cs\u00e1b\u00edt\u00e1sa<\/span><\/strong><\/h6>\n<\/li>\n<\/ul>\n<p><span style=\"font-family: arial, helvetica, sans-serif; font-size: 14pt; color: #000000;\">A Statuario \u00e9s a Calacatta m\u00e1rv\u00e1nynak van egy mag\u00e1val ragad\u00f3 k\u00f6z\u00f6s von\u00e1sa - a tiszta feh\u00e9r h\u00e1tt\u00e9r. Ez a krist\u00e1lytiszta, h\u00f3feh\u00e9r v\u00e1szon a h\u00e1ttere a m\u00e1rv\u00e1nyt d\u00edsz\u00edt\u0151 gy\u00f6ny\u00f6r\u0171 d\u00edsz\u00edt\u00e9snek. Minden egyes m\u00e1rv\u00e1ny feh\u00e9r t\u00f6rt\u00e9nelmi m\u00faltja a tisztas\u00e1g \u00e9rzet\u00e9t kelti, \u00e9s hozz\u00e1j\u00e1rul a k\u00f6vek k\u00fcl\u00f6nleges f\u00e9nyess\u00e9g\u00e9hez. A tereket vil\u00e1gosabb\u00e1, szell\u0151sebb\u00e9 \u00e9s h\u00edvogat\u00f3bb\u00e1 teszi, \u00edgy ezek a m\u00e1rv\u00e1nyok k\u00fcl\u00f6n\u00f6sen n\u00e9pszer\u0171ek a sz\u0171k\u00f6s, vil\u00e1gos helyis\u00e9gekben.<\/span><\/p>\n<figure id=\"attachment_494474\" aria-describedby=\"caption-attachment-494474\" style=\"width: 600px\" class=\"wp-caption alignright\"><img loading=\"lazy\" decoding=\"async\" class=\"wp-image-494474\" title=\"Calacatta feh\u00e9r m\u00e1rv\u00e1ny nappali h\u00e1tt\u00e9rtervez\u00e9s Esta Stone\" src=\"http:\/\/whitemarblegranite.com\/wp-content\/uploads\/2024\/01\/Calacatta-White-Marble-Livingroom-Background-Designs-Esta-Stone.webp\" alt=\"Calacatta feh\u00e9r m\u00e1rv\u00e1ny nappali h\u00e1tt\u00e9rtervez\u00e9s Esta Stone\" width=\"600\" height=\"873\" srcset=\"https:\/\/whitemarblegranite.com\/wp-content\/uploads\/2024\/01\/Calacatta-White-Marble-Livingroom-Background-Designs-Esta-Stone.webp 1100w, https:\/\/whitemarblegranite.com\/wp-content\/uploads\/2024\/01\/Calacatta-White-Marble-Livingroom-Background-Designs-Esta-Stone-206x300.webp 206w, https:\/\/whitemarblegranite.com\/wp-content\/uploads\/2024\/01\/Calacatta-White-Marble-Livingroom-Background-Designs-Esta-Stone-704x1024.webp 704w, https:\/\/whitemarblegranite.com\/wp-content\/uploads\/2024\/01\/Calacatta-White-Marble-Livingroom-Background-Designs-Esta-Stone-768x1117.webp 768w, https:\/\/whitemarblegranite.com\/wp-content\/uploads\/2024\/01\/Calacatta-White-Marble-Livingroom-Background-Designs-Esta-Stone-1056x1536.webp 1056w, https:\/\/whitemarblegranite.com\/wp-content\/uploads\/2024\/01\/Calacatta-White-Marble-Livingroom-Background-Designs-Esta-Stone-8x12.webp 8w\" sizes=\"(max-width: 600px) 100vw, 600px\" \/><figcaption id=\"caption-attachment-494474\" class=\"wp-caption-text\">Calacatta feh\u00e9r m\u00e1rv\u00e1ny nappali h\u00e1tt\u00e9rtervez\u00e9s Esta Stone<\/figcaption><\/figure>\n<ul>\n<li>\n<h6><strong><span style=\"font-family: arial, helvetica, sans-serif; font-size: 14pt; color: #000000;\">3.4.3 Kalkutta egyed\u00fcl\u00e1ll\u00f3 \u00e9l\u0151vil\u00e1ga<\/span><\/strong><\/h6>\n<\/li>\n<\/ul>\n<p><span style=\"font-family: arial, helvetica, sans-serif; font-size: 14pt; color: #000000;\">A Calacatta m\u00e1rv\u00e1nyb\u00f3l k\u00e9sz\u00fclt b\u00e9l\u00e9s kiemelkedik nagyra t\u00f6r\u0151 \u00e9s vastag jellege miatt. A Statuari\u00f3val ellent\u00e9tben, ahol a bord\u00e1k finomabbak \u00e9s rendk\u00edv\u00fcl vonalasnak t\u0171nnek, a Calacatta bord\u00e1zata meglehet\u0151sen kaotikus \u00e9s nem egyenletes mint\u00e1zatot vesz fel. A Calacatta m\u00e1rv\u00e1nyban a sz\u00fcrk\u00e9t\u0151l a k\u00e9kesig terjedhetnek, \u00e9s az arany napf\u00e9nyes \u00e1rnyalatai is megjelenhetnek. A Calacatta m\u00e1rv\u00e1ny dr\u00e1mai f\u00e9nyez\u00e9se a mozg\u00e1s \u00e9s az energi\u00e1k rendk\u00edv\u00fcli megjelen\u00e9s\u00e9t eredm\u00e9nyezi, \u00edgy a mer\u00e9szebb st\u00edlust kedvel\u0151 p\u00e9opl\u00e1k kedvenc sz\u00ednfajt\u00e1ja.<\/span><\/p>\n<ul>\n<li>\n<h6><strong><span style=\"font-family: arial, helvetica, sans-serif; font-size: 14pt; color: #000000;\">3.4.4 A vasnyom\u00e1s befoly\u00e1sa<\/span><\/strong><\/h6>\n<\/li>\n<\/ul>\n<p><span style=\"font-family: arial, helvetica, sans-serif; font-size: 14pt; color: #000000;\">A vas el\u0151joga a m\u00e1rv\u00e1ny vil\u00e1g\u00e1ban rendk\u00edv\u00fcli tulajdons\u00e1gokat k\u00f6lcs\u00f6n\u00f6zhet a k\u0151nek. A Calacatta m\u00e1rv\u00e1nyt k\u00fcl\u00f6n\u00f6sen a k\u00fcl\u00f6nb\u00f6z\u0151 vastartalm\u00fa anyagai miatt tartj\u00e1k sz\u00e1mon, amelyek k\u00fcl\u00f6nleges sz\u00ednt eredm\u00e9nyezhetnek. N\u00e9h\u00e1ny Calacatta t\u00edpus a s\u00e1rga, barna vagy narancss\u00e1rga rozsda t\u00f3nus\u00fa meleg sz\u00edn\u00e1rnyalatokat is megjelen\u00edtheti a k\u00f6vezetben, amelyeket az \"oro\" vagy \"arany\" jelz\u0151vel jel\u00f6lnek. A vas inteligenci\u00e1t \u00e9s komplik\u00e1lts\u00e1got adhat a burkolatnak, ami a Calacatta m\u00e1rv\u00e1nynak a meleg t\u00e9ma \u00e9s a gazdags\u00e1g jegyeit adja.<\/span><\/p>\n<ul>\n<li>\n<h4><strong><span style=\"font-family: arial, helvetica, sans-serif; font-size: 18pt; color: #000000;\">4: Az olasz m\u00e1rv\u00e1ny kiv\u00e1l\u00f3s\u00e1ga \u00e9s ritkas\u00e1ga | Calacatta \u00e9s Statuario m\u00e1rv\u00e1ny<\/span><\/strong><\/h4>\n<\/li>\n<li><strong><span style=\"font-family: arial, helvetica, sans-serif; font-size: 14pt; color: #000000;\">A Statuario \u00e9s Calacatta Marbl\u0435s \u00e9rt\u00e9kei<\/span><\/strong><\/li>\n<\/ul>\n<p><span style=\"font-family: arial, helvetica, sans-serif; font-size: 14pt; color: #000000;\">Az olasz feh\u00e9r m\u00e1rv\u00e1ny vil\u00e1g\u00e1ban a feh\u00e9r Statuario m\u00e1rv\u00e1ny \u00e9s a Calacatta nem csak a sz\u00e9ps\u00e9ge, hanem a k\u00fcl\u00f6nb\u00f6z\u0151 fokozatokban el\u00e9rhet\u0151 min\u0151s\u00e9g\u00fck miatt is kiemelkedik. Ez a cikk az el\u00e9gedetts\u00e9g \u00e1rnyalt \u00f6sszetev\u0151it, az \u00e1rk\u00e9pz\u00e9si t\u00e9nyez\u0151ket \u00e9s a ritkas\u00e1got vizsg\u00e1lja, amely ezeket a m\u00e1rv\u00e1nyokat megk\u00fcl\u00f6nb\u00f6zteti.<\/span><\/p>\n<ul>\n<li>\n<h5><strong><span style=\"font-family: arial, helvetica, sans-serif; font-size: 14pt; color: #000000;\">4.1 K\u00fcl\u00f6nb\u00f6z\u0151 kiv\u00e1l\u00f3 min\u0151s\u00e9g\u0171 szarvasagancsok<\/span><\/strong><\/h5>\n<\/li>\n<li>\n<h6><strong><span style=\"font-family: arial, helvetica, sans-serif; font-size: 14pt; color: #000000;\">Statuario White Marbl\u0435:<\/span><\/strong><\/h6>\n<\/li>\n<\/ul>\n<p><span style=\"font-family: arial, helvetica, sans-serif; font-size: 14pt; color: #000000;\">A Statuario feh\u00e9r m\u00e1rv\u00e1ny, hasonl\u00f3an a Calacatta m\u00e1rv\u00e1nyhoz, j\u00f3l ismert, \u00e9s k\u00fcl\u00f6nb\u00f6z\u0151 szarvasb\u0151rt mutat. A Statuario m\u00e1rv\u00e1ny magas min\u0151s\u00e9g\u00e9t olyan t\u00e9nyez\u0151k alapj\u00e1n hat\u00e1rozz\u00e1k meg, mint a h\u00e1tt\u00e9r feh\u00e9rs\u00e9ge, a b\u00e9l\u00e9s tisztas\u00e1ga \u00e9s \u00e1llaga, valamint a term\u00e9szetes szennyez\u0151d\u00e9sek hi\u00e1nya. A cs\u00facsmin\u0151s\u00e9g\u0171 Statuario m\u00e1rv\u00e1ny makul\u00e1tlan feh\u00e9r sz\u00edn\u0171, finom \u00e9s egyenletes bord\u00e1zattal rendelkez\u0151 m\u00e1rv\u00e1ny. A legt\u00f6bb feh\u00e9r Statuario m\u00e1rv\u00e1nyt\u00e1bla minim\u00e1lis \u00e1rnyalat- \u00e9s mintaingadoz\u00e1st mutat, \u00edgy kiv\u00e1l\u00f3an alkalmas a p\u00e9rai kezdem\u00e9nyez\u00e9sekhez. Az alacsony fokozat\u00fa Statuario emellett er\u0151sebben kifejezett vonalakkal, sz\u00ednekkel vagy sz\u00ednt\u00f3nusokkal rendelkezhet, amelyek az adott elrendez\u00e9si aesth\u00e9ti\u00e1khoz alkalmazhat\u00f3k.<\/span><\/p>\n<ul>\n<li>\n<h6><strong><span style=\"font-family: arial, helvetica, sans-serif; font-size: 14pt; color: #000000;\">Calacatta White Marbl\u0435:<\/span><\/strong><\/h6>\n<\/li>\n<\/ul>\n<p><span style=\"font-family: arial, helvetica, sans-serif; font-size: 14pt; color: #000000;\">Ezenk\u00edv\u00fcl a Calacatta m\u00e1rv\u00e1ny k\u00fcl\u00f6nb\u00f6z\u0151 extrakci\u00f3s fokozatokban is kaphat\u00f3. A pr\u00e9mium Calacatta m\u00e1rv\u00e1nyt a csod\u00e1latos feh\u00e9r sz\u00edn \u00e9s a leny\u0171g\u00f6z\u0151, saj\u00e1tosan megrajzolt domborulatok jellemzik. Ezek a t\u00e1bl\u00e1k a legmagasabb \u00e1rakat k\u00edn\u00e1lj\u00e1k, mert a megjelen\u00e9s\u00fck nagyon sz\u00e9p. A kr\u00e9mes\u00edtett Calacatta a v\u00e9na vagy a h\u00e1tt\u00e9r sz\u00edn\u00e9nek jelent\u0151sebb elt\u00e9r\u00e9seit is mutathatja, ami vizu\u00e1lisan tetszet\u0151s lehet, de az \u00e1ra \u00e1ltal\u00e1ban alacsonyabb.<\/span><\/p>\n<ul>\n<li>\n<h5><strong><span style=\"font-family: arial, helvetica, sans-serif; font-size: 14pt; color: #000000;\">4.2 Feh\u00e9r\u00edt\u00e9s \u00e9s v\u00e9n\u00e1z\u00e1s: A term\u00e9szetes luxus feh\u00e9r m\u00e1rv\u00e1ny \u00e1raz\u00e1sa<\/span><\/strong><\/h5>\n<\/li>\n<\/ul>\n<p><span style=\"font-family: arial, helvetica, sans-serif; font-size: 14pt; color: #000000;\">A Statuario \u00e9s Calacatta m\u00e1rv\u00e1nyok \u00e1rk\u00e9pz\u00e9s\u00e9t k\u00e9t d\u00f6nt\u0151 t\u00e9nyez\u0151 \u00f6szt\u00f6nzi: a t\u00f6rt\u00e9nelem feh\u00e9rs\u00e9ge \u00e9s a b\u00e9l\u00e9s egys\u00e9gess\u00e9ge.<\/span><\/p>\n<ul>\n<li>\n<h6><strong><span style=\"font-family: arial, helvetica, sans-serif; font-size: 14pt; color: #000000;\">4.2.1 A t\u00f6rt\u00e9nelem feh\u00e9rs\u00e9ge az olasz feh\u00e9r m\u00e1rv\u00e1nyban:<\/span><\/strong><\/h6>\n<\/li>\n<\/ul>\n<p><span style=\"font-family: arial, helvetica, sans-serif; font-size: 14pt; color: #000000;\">Min\u00e9l tiszt\u00e1bb \u00e9s feh\u00e9rebb a m\u00e1rv\u00e1ny sz\u00edne, ann\u00e1l k\u00f6lts\u00e9gesebbnek t\u0171nik. <strong><a href=\"https:\/\/whitemarblegranite.com\/hu\/product\/calacatta-statuario-marble\/\">Feh\u00e9r Statuario m\u00e1rv\u00e1ny<\/a><\/strong> \u00e9s a Calacatta m\u00e1rv\u00e1ny, folyamatosan \u00e9l\u00e9nk feh\u00e9r h\u00e1tt\u00e9rrel a legexpozit\u00edvabbnak \u00e9s legszebbnek tekinthet\u0151. Ez a krist\u00e1lyos h\u00e1tt\u00e9r a tisztas\u00e1g \u00e9s az elegancia illat\u00e1t kelti, amely kiv\u00e1l\u00f3an illik az \u00e9p\u00edt\u00e9szeti \u00e9s diz\u00e1jnprogramokhoz. A t\u00f6rt\u00e9nelmi m\u00faltra visszatekint\u0151 v\u00e1ltozatokkal \u00e9s diff\u00faz sz\u00fcrke vagy kr\u00e9msz\u00edn\u0171 t\u00f3nusokkal ell\u00e1tott lapok frissen \u00e1razott, \u00e9s vonz\u00f3ak azok sz\u00e1m\u00e1ra, akik egy k\u00fcl\u00f6nlegesen egyedi st\u00edlus\u00fa burkolatot keresnek.<\/span><\/p>\n<ul>\n<li>\n<h6><strong><span style=\"font-family: arial, helvetica, sans-serif; font-size: 14pt; color: #000000;\">\u00a04.2.2 A V\u00e9ining egyenletess\u00e9ge:<\/span><\/strong><\/h6>\n<\/li>\n<\/ul>\n<p><span style=\"font-family: arial, helvetica, sans-serif; font-size: 14pt; color: #000000;\">Az \u00e9tkez\u00e9si st\u00edlusok egys\u00e9gess\u00e9ge szint\u00e9n \u00f3ri\u00e1si szerepet j\u00e1tszik az \u00e1rk\u00e9pz\u00e9sben. A feh\u00e9r Statuario m\u00e1rv\u00e1ny \u00e9s a Calacatta olasz m\u00e1rv\u00e1ny, amely egy egys\u00e9gesebb, szimmetrikusabb \u00e9s pr\u00e9dik\u00e1l\u00f3bb mint\u00e1t k\u00f6vet, \u00e1ltal\u00e1ban magasabban van \u00e1razva. Az ilyen lapokat kiegyens\u00falyozott \u00e9s harmonikus megjelen\u00e9s\u00fck miatt kedvelik. Az \u00e9rt\u00e9kbecsl\u00e9s sor\u00e1n a rendk\u00edv\u00fcl irracion\u00e1lis, kaotikus vagy aszimmetrikus vonalvezet\u00e9s\u0171 t\u00e1bl\u00e1k \u00e1r\u00e1t cs\u00f6kkenthetik, de m\u00e9gis kedvelik \u0151ket egyedi mer\u00e9szs\u00e9g\u00fck miatt.<\/span><\/p>\n<figure id=\"attachment_494475\" aria-describedby=\"caption-attachment-494475\" style=\"width: 600px\" class=\"wp-caption alignleft\"><img loading=\"lazy\" decoding=\"async\" class=\"wp-image-494475\" title=\"Calacatta m\u00e1rv\u00e1ny fali mint\u00e1k Esta Stone\" src=\"http:\/\/whitemarblegranite.com\/wp-content\/uploads\/2024\/01\/Calacatta-Marble-Wall-Designs-Esta-Stone.webp\" alt=\"Calacatta m\u00e1rv\u00e1ny fali mint\u00e1k Esta Stone\" width=\"600\" height=\"873\" srcset=\"https:\/\/whitemarblegranite.com\/wp-content\/uploads\/2024\/01\/Calacatta-Marble-Wall-Designs-Esta-Stone.webp 1100w, https:\/\/whitemarblegranite.com\/wp-content\/uploads\/2024\/01\/Calacatta-Marble-Wall-Designs-Esta-Stone-206x300.webp 206w, https:\/\/whitemarblegranite.com\/wp-content\/uploads\/2024\/01\/Calacatta-Marble-Wall-Designs-Esta-Stone-704x1024.webp 704w, https:\/\/whitemarblegranite.com\/wp-content\/uploads\/2024\/01\/Calacatta-Marble-Wall-Designs-Esta-Stone-768x1117.webp 768w, https:\/\/whitemarblegranite.com\/wp-content\/uploads\/2024\/01\/Calacatta-Marble-Wall-Designs-Esta-Stone-1056x1536.webp 1056w, https:\/\/whitemarblegranite.com\/wp-content\/uploads\/2024\/01\/Calacatta-Marble-Wall-Designs-Esta-Stone-8x12.webp 8w\" sizes=\"(max-width: 600px) 100vw, 600px\" \/><figcaption id=\"caption-attachment-494475\" class=\"wp-caption-text\">Calacatta m\u00e1rv\u00e1ny fali mint\u00e1k Esta Stone<\/figcaption><\/figure>\n<ul>\n<li>\n<h5><strong><span style=\"font-family: arial, helvetica, sans-serif; font-size: 14pt; color: #000000;\">4.3. A Statuario m\u00e1rv\u00e1ny ritkas\u00e1ga<\/span><\/strong><\/h5>\n<\/li>\n<\/ul>\n<p><span style=\"font-family: arial, helvetica, sans-serif; font-size: 14pt; color: #000000;\">A Statuario m\u00e1rv\u00e1nyt\u00e1bl\u00e1k \u00e9s csemp\u00e9k ritkas\u00e1gukr\u00f3l h\u00edresek, ami hozz\u00e1j\u00e1rul ahhoz, hogy a m\u00e1rv\u00e1nynak mint nemzetk\u00f6zi term\u00e9szetes k\u0151nek egyre nagyobb h\u00edrneve van. Ez a ritkas\u00e1g t\u00f6bb t\u00e9nyez\u0151b\u0151l ered, t\u00f6bbek k\u00f6z\u00f6tt a Statuario-t el\u0151\u00e1ll\u00edt\u00f3 k\u0151b\u00e1ny\u00e1k sz\u0171k k\u00f6r\u00e9b\u0151l, a kialakul\u00e1s\u00e1hoz sz\u00fcks\u00e9ges geol\u00f3giai felt\u00e9telekb\u0151l \u00e9s e k\u00fcl\u00f6nleges m\u00e1rv\u00e1ny magas kereslet\u00e9b\u0151l. A Statuario m\u00e1rv\u00e1nyt\u00e1bl\u00e1k korl\u00e1tozott el\u00e9rhet\u0151s\u00e9ge miatt a projektjeikbe be\u00e9p\u00edteni k\u00edv\u00e1n\u00f3 szem\u00e9lyek sz\u00e1m\u00e1ra \u00e9rt\u00e9kes lelet.<\/span><\/p>\n<p><span style=\"font-family: arial, helvetica, sans-serif; font-size: 14pt; color: #000000;\">R\u0435lativ\u00e9ly,\u00a0 <strong><a href=\"https:\/\/whitemarblegranite.com\/hu\/product\/white-calacatta-marble-slabs\/\">Feh\u00e9r Calacatta m\u00e1rv\u00e1ny<\/a><\/strong>A Calacatta olasz m\u00e1rv\u00e1ny, noha nem mindig nagyon r\u00e9tegzett, a Calacatta olasz m\u00e1rv\u00e1ny vari\u00e1ci\u00f3it el\u0151\u00e1ll\u00edt\u00f3 k\u0151b\u00e1ny\u00e1k sz\u00e9lesebb v\u00e1laszt\u00e9ka is el\u00e9rhet\u0151 a piacon bel\u00fcl, mivel a k\u0151b\u00e1ny\u00e1k sz\u00e9lesebb sk\u00e1l\u00e1ja \u00e1ll rendelkez\u00e9sre a Calacatta olasz m\u00e1rv\u00e1ny vari\u00e1ci\u00f3inak el\u0151\u00e1ll\u00edt\u00e1s\u00e1hoz. Ez a ritkas\u00e1gbeli k\u00fcl\u00f6nbs\u00e9g kritikus lehet az \u00e9p\u00edt\u00e9szek, diz\u00e1jnerek \u00e9s lak\u00e1stulajdonosok sz\u00e1m\u00e1ra, amikor a Statuario \u00e9s a Calacatta m\u00e1rv\u00e1nyok k\u00f6z\u00f6tt v\u00e1lasztanak.<\/span><\/p>\n<ul>\n<li>\n<h4><span style=\"font-size: 18pt;\"><strong><span style=\"font-family: arial, helvetica, sans-serif; color: #000000;\">5: A Calacatta m\u00e1rv\u00e1ny \u00e9s a Staturio Bianco m\u00e1rv\u00e1ny projektjei \u00e9s felhaszn\u00e1l\u00e1sa<\/span><\/strong><\/span><\/h4>\n<\/li>\n<\/ul>\n<p><span style=\"font-family: arial, helvetica, sans-serif; font-size: 14pt; color: #000000;\">A Statuario \u00e9s Calacatta m\u00e1rv\u00e1nyt nem csak a kiv\u00e1l\u00f3 min\u0151s\u00e9g\u0171 megjelen\u00e9s\u00fck\u00e9rt, hanem az \u00e9p\u00edt\u00e9szeti \u00e9s diz\u00e1jn alkalmaz\u00e1sokban val\u00f3 hihetetlen sokoldal\u00fas\u00e1guk\u00e9rt is d\u00edjazz\u00e1k. Ez az \u00edr\u00e1s az ikonikus m\u00e1rv\u00e1nyok sz\u00e1mtalan lehet\u0151s\u00e9g\u00e9t \u00e9s felhaszn\u00e1l\u00e1si m\u00f3dj\u00e1t vizsg\u00e1lja, kiemelve alkalmass\u00e1gukat a lak\u00f3telepi \u00e9s ipari terekben.<\/span><\/p>\n<ul>\n<li>\n<h5><strong><span style=\"font-family: arial, helvetica, sans-serif; font-size: 14pt; color: #000000;\">5.1 Az olasz feh\u00e9r m\u00e1rv\u00e1nyok haszn\u00e1lat\u00e1nak felt\u00e1r\u00e1sa<\/span><\/strong><\/h5>\n<\/li>\n<li><strong><span style=\"font-family: arial, helvetica, sans-serif; font-size: 14pt; color: #000000;\">Statuario Marbl\u0435:<\/span><\/strong><\/li>\n<\/ul>\n<p><span style=\"font-family: arial, helvetica, sans-serif; font-size: 14pt; color: #000000;\">A feh\u00e9r m\u00e1rv\u00e1ny Statuario klasszikus \u00e9s finom megjelen\u00e9se miatt sz\u00e1mos felhaszn\u00e1l\u00e1si ter\u00fclet p\u0435r\u0435nn\u00e1lis kedvence. Halhatatlan sz\u00e9ps\u00e9ge \u00e9s sz\u00e9tsz\u00f3rt f\u00e9nye b\u00e1rmilyen helyen el\u0151kel\u0151 k\u00f6rnyezetet teremt. A Statuario m\u00e1rv\u00e1nynak sz\u00e1mos kritikus alkalmaz\u00e1si ter\u00fclete van:<\/span><\/p>\n<ol>\n<li><span style=\"font-family: arial, helvetica, sans-serif; font-size: 14pt; color: #000000;\">Count\u0435rtops: A feh\u00e9r m\u00e1rv\u00e1ny Statuario munkalapok luxust biztos\u00edtanak a konyh\u00e1kban \u00e9s a f\u00fcrd\u0151szob\u00e1kban. A ragyog\u00f3 feh\u00e9r h\u00e1tt\u00e9r \u00e9s a diz\u00e1jnos megjelen\u00e9s opulenci\u00e1t k\u00f6lcs\u00f6n\u00f6z ezeknek a praktikus tereknek.<\/span><\/li>\n<li><span style=\"font-family: arial, helvetica, sans-serif; font-size: 14pt; color: #000000;\">Padl\u00f3k: A feh\u00e9r m\u00e1rv\u00e1ny Statuario padl\u00f3burkolat nagyszer\u0171s\u00e9get k\u00f6lcs\u00f6n\u00f6z a bej\u00e1ratoknak, az el\u0151szob\u00e1knak \u00e9s a folyos\u00f3knak - a m\u00e1rv\u00e1ny f\u00e9nyes padl\u00f3ja feldobja a szoba kellemes hangulat\u00e1t.<\/span><\/li>\n<li><span style=\"font-family: arial, helvetica, sans-serif; font-size: 14pt; color: #000000;\">Backsplash\u0435s: A feh\u00e9r m\u00e1rv\u00e1ny Statuario backsplash\u0435s a konyh\u00e1k \u00e9s a mosd\u00f3k k\u00f6z\u00e9ppontj\u00e1ban \u00e1ll. A d\u00edsz\u00edt\u0151 st\u00edlusok diff\u00faz dr\u00e1mais\u00e1got k\u00f6lcs\u00f6n\u00f6zhetnek ezeknek a helyis\u00e9geknek.<\/span><\/li>\n<li><span style=\"font-family: arial, helvetica, sans-serif; font-size: 14pt; color: #000000;\">Fir\u0435plac\u0435 K\u00f6r\u00fclveszi: A feh\u00e9r m\u00e1rv\u00e1ny Statuario kandall\u00f3k\u00f6rnyezetek felt\u0171n\u0151 egys\u00e9get alkotnak a kandall\u00f3 sz\u00e9p \u00e9s hangulatos f\u00e9ny\u00e9vel szemben. A m\u00e1rv\u00e1ny sz\u00e9ps\u00e9ge b\u00e1rmely helyis\u00e9g k\u00f6z\u00e9ppontj\u00e1t kieg\u00e9sz\u00edti.<\/span><\/li>\n<li><span style=\"font-family: arial, helvetica, sans-serif; font-size: 14pt; color: #000000;\">R\u00e9st room Vaniti\u0435s: Feh\u00e9r m\u00e1rv\u00e1ny Statuario mosd\u00f3 vaniti\u0435s int\u0435grat\u0435 funkcionalit\u00e1ssal \u00e9s halhatatlan b\u0435auty. A m\u00e1rv\u00e1ny prisztin\u00e1s h\u0151sug\u00e1rz\u00e1sa el\u00e1rasztja a diz\u00e1jn st\u00edlus\u00e1t.<\/span><\/li>\n<\/ol>\n<ul>\n<li><strong><span style=\"font-family: arial, helvetica, sans-serif; font-size: 14pt; color: #000000;\">Calacatta Marbl\u0435:<\/span><\/strong><\/li>\n<\/ul>\n<p><span style=\"font-family: arial, helvetica, sans-serif; font-size: 14pt; color: #000000;\">A Calacatta m\u00e1rv\u00e1ny nagyra t\u00f6r\u0151 \u00e9s dr\u00e1mai vonalvezet\u00e9se miatt h\u00edres v\u00e1laszt\u00e1s a nagy hat\u00e1s\u00fa ar\u00e9n\u00e1k termeszt\u00e9s\u00e9hez. V\u00e9rszil\u00e1rds\u00e1ga sz\u00e1mos alkalmaz\u00e1son kereszt\u00fcl csillog:<\/span><\/p>\n<ol>\n<li><span style=\"font-family: arial, helvetica, sans-serif; font-size: 14pt; color: #000000;\">Count\u0435rtops: A Calacatta m\u00e1rv\u00e1ny burkol\u00f3lapok a konyh\u00e1kban \u00e9s a mosd\u00f3kban j\u00f3l l\u00e1that\u00f3ak. A m\u00e1rv\u00e1ny m\u00e1rv\u00e1ny extr\u00e9me bord\u00e1zata luxus\u00e9rzetet kelt.<\/span><\/li>\n<li><span style=\"font-family: arial, helvetica, sans-serif; font-size: 14pt; color: #000000;\">Padl\u00f3k: A calacatta m\u00e1rv\u00e1nypadl\u00f3k mind a r\u0435sid\u0435ntial, mind az ipari terekben \u00e9rdekl\u0151d\u00e9sre tartanak sz\u00e1mot. Dinamikus vonalvezet\u00e9se mozgalmass\u00e1got teremt.<\/span><\/li>\n<li><span style=\"font-family: arial, helvetica, sans-serif; font-size: 14pt; color: #000000;\">Backsplash\u0435s: <strong><a href=\"https:\/\/whitemarblegranite.com\/hu\/product\/calacatta-white-marble-slabs\/\">Calacatta feh\u00e9r m\u00e1rv\u00e1ny<\/a> <\/strong>a backsplash\u0435s a konyh\u00e1kban \u00e9s a konyh\u00e1kban m\u0171alkot\u00e1ss\u00e1 v\u00e1lik. A v\u00edzt\u00fckr\u00f6k felh\u00edvj\u00e1k a figyelmet, \u00e9s mag\u00e1val ragad\u00f3 f\u00f3kuszt\u00e9nyez\u0151t teremtenek.<\/span><\/li>\n<li><span style=\"font-family: arial, helvetica, sans-serif; font-size: 14pt; color: #000000;\">Falburkolat: A Calacatta m\u00e1rv\u00e1ny falburkolat kifinomults\u00e1got k\u00f6lcs\u00f6n\u00f6z a lak\u00f3szob\u00e1knak, lak\u00f3tereknek \u00e9s folyos\u00f3knak. A m\u00e1rv\u00e1ny leny\u0171g\u00f6z\u0151 l\u00e1tv\u00e1nya tart\u00f3s hat\u00e1st kelt.<\/span><\/li>\n<li><span style=\"font-family: arial, helvetica, sans-serif; font-size: 14pt; color: #000000;\">Szerel\u00e9si r\u00f6gz\u00edt\u0151k: A calacatta m\u00e1rv\u00e1nyt gyakran haszn\u00e1lj\u00e1k olyan dekor\u00e1ci\u00f3s berendez\u00e9si t\u00e1rgyak k\u00e9sz\u00edt\u00e9s\u00e9re, mint a kopors\u00f3asztalok, \u00e9tkez\u0151asztalok \u00e9s vigasztal\u00f3k - \u00edgy ezek a t\u00e1rgyak praktikus m\u0171alkot\u00e1sokk\u00e1 v\u00e1lnak.<\/span><\/li>\n<\/ol>\n<ul>\n<li>\n<h5><strong><span style=\"font-family: arial, helvetica, sans-serif; font-size: 14pt; color: #000000;\">5.2 Alkalmass\u00e1g \u00e1llami \u00e9s kereskedelmi c\u00e9l\u00fa ter\u00fcletekhez<\/span><\/strong><\/h5>\n<\/li>\n<\/ul>\n<p><span style=\"font-family: arial, helvetica, sans-serif; font-size: 14pt; color: #000000;\">A Statuario \u00e9s a Calacatta m\u00e1rv\u00e1nyok mindegyike fantasztikusan alkalmas arra, hogy minden lak\u00f3- \u00e9s \u00fczlethelyis\u00e9g eszt\u00e9tik\u00e1j\u00e1t n\u00f6velje.<\/span><\/p>\n<figure id=\"attachment_494476\" aria-describedby=\"caption-attachment-494476\" style=\"width: 600px\" class=\"wp-caption alignright\"><img loading=\"lazy\" decoding=\"async\" class=\"wp-image-494476\" title=\"Calacatta feh\u00e9r m\u00e1rv\u00e1ny f\u00fcrd\u0151szoba projektek Esta Stone\" src=\"http:\/\/whitemarblegranite.com\/wp-content\/uploads\/2024\/01\/Calacatta-White-Marble-Bathroom-Projects-Esta-Stone.webp\" alt=\"Calacatta feh\u00e9r m\u00e1rv\u00e1ny f\u00fcrd\u0151szoba projektek Esta Stone\" width=\"600\" height=\"873\" srcset=\"https:\/\/whitemarblegranite.com\/wp-content\/uploads\/2024\/01\/Calacatta-White-Marble-Bathroom-Projects-Esta-Stone.webp 1100w, https:\/\/whitemarblegranite.com\/wp-content\/uploads\/2024\/01\/Calacatta-White-Marble-Bathroom-Projects-Esta-Stone-206x300.webp 206w, https:\/\/whitemarblegranite.com\/wp-content\/uploads\/2024\/01\/Calacatta-White-Marble-Bathroom-Projects-Esta-Stone-704x1024.webp 704w, https:\/\/whitemarblegranite.com\/wp-content\/uploads\/2024\/01\/Calacatta-White-Marble-Bathroom-Projects-Esta-Stone-768x1117.webp 768w, https:\/\/whitemarblegranite.com\/wp-content\/uploads\/2024\/01\/Calacatta-White-Marble-Bathroom-Projects-Esta-Stone-1056x1536.webp 1056w, https:\/\/whitemarblegranite.com\/wp-content\/uploads\/2024\/01\/Calacatta-White-Marble-Bathroom-Projects-Esta-Stone-8x12.webp 8w\" sizes=\"(max-width: 600px) 100vw, 600px\" \/><figcaption id=\"caption-attachment-494476\" class=\"wp-caption-text\">Calacatta feh\u00e9r m\u00e1rv\u00e1ny f\u00fcrd\u0151szoba projektek Esta Stone<\/figcaption><\/figure>\n<ul>\n<li><strong><span style=\"font-family: arial, helvetica, sans-serif; font-size: 14pt; color: #000000;\">R\u0435sid\u0435ntial ar\u0435as:<\/span><\/strong><\/li>\n<\/ul>\n<p><span style=\"font-family: arial, helvetica, sans-serif; font-size: 14pt; color: #000000;\">A lak\u00e1sokban a Statuario \u00e9s a Calacatta m\u00e1rv\u00e1ny egy kis luxust k\u00f6lcs\u00f6n\u00f6z sz\u00e1mos helyis\u00e9gnek. Alkalmass\u00e1guk a munkalapok, padl\u00f3k \u00e9s burkolatok burkol\u00e1s\u00e1ra lehet\u0151v\u00e9 teszi a tulajdonosok sz\u00e1m\u00e1ra, hogy \u00f6sszetart\u00f3 \u00e9s eleg\u00e1ns tereket alak\u00edtsanak ki. Kisebb helyis\u00e9gekben vagy korl\u00e1tozott f\u00e9nyviszonyokkal rendelkez\u0151 terekben a m\u00e1rv\u00e1ny vil\u00e1gos \u00e9s f\u00e9nyes megjelen\u00e9se nyitottabb\u00e1 \u00e9s teljesebb\u00e9 teheti a t\u00e1vols\u00e1got.<\/span><\/p>\n<ul>\n<li><strong><span style=\"font-family: arial, helvetica, sans-serif; font-size: 14pt; color: #000000;\">Ipari ar\u00e9as:<\/span><\/strong><\/li>\n<\/ul>\n<p><span style=\"font-family: arial, helvetica, sans-serif; font-size: 14pt; color: #000000;\">A Statuario \u00e9s a Calacatta m\u00e1rv\u00e1nyok hasonl\u00f3ak a h\u00e1zi \u00e9s \u00fczleti szejtingekben, a luxus \u00e9s a professzionalizmus \u00e9rzet\u00e9t keltve. Ezek a m\u00e1rv\u00e1nyok a sz\u00e1ll\u00e1shelyek, \u00e9ttermek, kiskereskedelmi \u00fczletek \u00e9s irodah\u00e1zak teljes k\u00f6rnyezet\u00e9t feldobj\u00e1k, tart\u00f3s hat\u00e1st gyakorolva az \u00fcgyfelekre \u00e9s a v\u00e1s\u00e1rl\u00f3kra. V\u00e1ltozatoss\u00e1guk lehet\u0151v\u00e9 teszi a m\u00e1rka identit\u00e1s\u00e1t \u00e9s \u00e9rt\u00e9keit t\u00fckr\u00f6z\u0151, innovat\u00edv elrendez\u00e9seket.<\/span><\/p>\n<ul>\n<li>\n<h6><strong><span style=\"font-family: arial, helvetica, sans-serif; font-size: 14pt; color: #000000;\">5.3 Az Olaszorsz\u00e1gb\u00f3l sz\u00e1rmaz\u00f3 term\u00e9szetes feh\u00e9r m\u00e1rv\u00e1ny el\u0435vating A\u0435sth\u0435tics of Luxury Natural White Marble from Italy<\/span><\/strong><\/h6>\n<\/li>\n<\/ul>\n<p><span style=\"font-family: arial, helvetica, sans-serif; font-size: 14pt; color: #000000;\">A Statuario \u00e9s a Calacatta m\u00e1rv\u00e1nyok \u00e1talak\u00edt\u00f3 hat\u00e1ssal vannak az a\u0435sth\u00e9ti\u00e1ra. Ez a term\u00e9szetes feh\u00e9r m\u00e1rv\u00e1ny b\u00e1rmilyen t\u00e9rben az oszt\u00e1ly \u00e9s a k\u00e9nyelem magas szintj\u00e9re emeli az \u00e1ltal\u00e1nos diz\u00e1jnt. A term\u00e9szetes feh\u00e9r h\u00e1tterek \u00e9s a d\u00edsz\u00edt\u0151 st\u00edlusok elhelyez\u00e9se olyan id\u0151szer\u0171s\u00e9get teremt, amely meghaladja a diz\u00e1jn jellemz\u0151it.<\/span><\/p>\n<p><span style=\"font-family: arial, helvetica, sans-serif; font-size: 14pt; color: #000000;\">A Statuario \u00e9s a Calacatta m\u00e1rv\u00e1ny, ak\u00e1r egy hangulatos konyhapult, ak\u00e1r egy h\u00edvogat\u00f3 el\u0151szobai arrogancia, ak\u00e1r egy mag\u00e1val ragad\u00f3 lobbit\u00e9r kialak\u00edt\u00e1s\u00e1ra haszn\u00e1lj\u00e1k, hozz\u00e1j\u00e1rul a luxus \u00e9s a kifinomults\u00e1got sug\u00e1rz\u00f3 terek kialak\u00edt\u00e1s\u00e1hoz. A term\u00e9szetes feh\u00e9r m\u00e1rv\u00e1ny sokoldal\u00fas\u00e1ga biztos\u00edtja, hogy z\u00f6kken\u0151mentesen kombin\u00e1lhat\u00f3 a legk\u00fcl\u00f6nf\u00e9l\u00e9bb diz\u00e1jnelemekkel, a konvenci\u00f3kt\u00f3l a modernig \u00e9s a minimalizmusig.<\/span><\/p>\n<p><span style=\"font-family: arial, helvetica, sans-serif; font-size: 14pt; color: #000000;\">A Statuario \u00e9s a Calacatta m\u00e1rv\u00e1ny nem csak vizu\u00e1lisan leny\u0171g\u00f6z\u0151, hanem felt\u0171n\u0151en fl\u0435xibl\u0435 is. Minden lak\u00f3- \u00e9s \u00fczlethelyis\u00e9gben megtal\u00e1lhat\u00f3k, jav\u00edtj\u00e1k az eszt\u00e9tik\u00e1t, \u00e9s az elegancia \u00e9s a luxus el\u00e9v\u00fclhetetlen jel\u00e9t hagyj\u00e1k maguk ut\u00e1n. Ezek a m\u00e1rv\u00e1nyok sokkal jelent\u0151sebbek, mint a mat\u00e9ri\u00e1k; ezek az elpuszt\u00edthatatlan dics\u0151s\u00e9g \u00e9s oszt\u00e1ly megnyilv\u00e1nul\u00e1sai az elrendez\u00e9s \u00e9s az \u00e9p\u00edt\u00e9szet nemzetk\u00f6zileg elterjedt vil\u00e1g\u00e1ban.<\/span><\/p>\n<ul>\n<li>\n<h4><span style=\"font-size: 18pt;\"><strong><span style=\"font-family: arial, helvetica, sans-serif; color: #000000;\">6: El\u00e9rhet\u0151s\u00e9g \u00e9s m\u00e9ret 100% term\u00e9szetes Statuario m\u00e1rv\u00e1ny \u00e9s Calacatta m\u00e1rv\u00e1ny<\/span><\/strong><\/span><\/h4>\n<\/li>\n<\/ul>\n<p><span style=\"font-family: arial, helvetica, sans-serif; font-size: 14pt; color: #000000;\">A Statuario \u00e9s a Calacatta m\u00e1rv\u00e1nyok haszn\u00e1lat\u00e1nak megfontol\u00e1sa sor\u00e1n az \u00e9p\u00edt\u00e9szeti vagy layout projektekn\u00e9l l\u00e9tfontoss\u00e1g\u00fa, hogy tudja, hogyan kell a m\u00e9reteket \u00e9s a kivitelez\u00e9seket biztos\u00edtani. Ez a fejezet ismerteti a k\u00fcl\u00f6nb\u00f6z\u0151 m\u00e9reteket, amelyekben ezek a m\u00e1rv\u00e1nyok beszerezhet\u0151k, kiemeli a kifinomult \u00e9s kifinomult technol\u00f3gia el\u0151nyeit, \u00e9s bemutatja a k\u00f6nyvvel \u00f6sszeillesztett lapok kontextus\u00e1t.<\/span><\/p>\n<ul>\n<li>\n<h5><strong><span style=\"font-family: arial, helvetica, sans-serif; font-size: 14pt; color: #000000;\">6.1 A Statuario \u00e9s a Calacatta m\u00e1rv\u00e1ny m\u00e9rete \u00e9s b\u0151s\u00e9ge<\/span><\/strong><\/h5>\n<\/li>\n<li><strong><span style=\"font-family: arial, helvetica, sans-serif; font-size: 14pt; color: #000000;\">Statuario Marbl\u0435:<\/span><\/strong><\/li>\n<\/ul>\n<p><span style=\"font-family: arial, helvetica, sans-serif; font-size: 14pt; color: #000000;\">A Statuario m\u00e1rv\u00e1ny, amely halhatatlan h\u0171s\u00e9g\u00e9r\u0151l ismert, k\u00fcl\u00f6nb\u00f6z\u0151 m\u00e9retekben kaphat\u00f3, hogy illeszkedjen a k\u00fcl\u00f6nb\u00f6z\u0151 csomagol\u00e1sokhoz. Ak\u00e1r nagyszab\u00e1s\u00fa, ak\u00e1r kis m\u00e9ret\u0171 konyhai \u00faj\u00edt\u00e1st tervez, a Statuario rugalmasan alkalmazhat\u00f3:<\/span><\/p>\n<ol>\n<li><span style=\"font-family: arial, helvetica, sans-serif; font-size: 14pt; color: #000000;\">Til\u0435s: A Statuario m\u00e1rv\u00e1ny csemp\u00e9k olyan \u00e1ltal\u00e1nos m\u00e9retekben kaphat\u00f3k, mint a 12\u2033 x12\u2033, 12\u2033 x24\u2033, 18\u2033 x18\u2033 \u00e9s 24\u2033 x24\u2033 - ezek a m\u00e9retek ide\u00e1lisak komplik\u00e1lt mint\u00e1zatok vagy egys\u00e9ges fel\u00fcletek kialak\u00edt\u00e1s\u00e1hoz.<\/span><\/li>\n<li><span style=\"font-family: arial, helvetica, sans-serif; font-size: 14pt; color: #000000;\">T\u00e1bl\u00e1k: A Statuario m\u00e1rv\u00e1nylapok, jellemz\u0151en 36\u2033 x36\u2033 vagy nagym\u00e9ret\u0171 h\u00e1romszor 4\u2033 vastags\u00e1g\u00faak, a legmegfelel\u0151bb v\u00e1laszt\u00e1s a munkalapokhoz, a backsplashekhez \u00e9s a jelent\u0151sebb fel\u00fcletekhez. Sz\u00e9les m\u00e9ret\u00fck lehet\u0151v\u00e9 teszi a nagyobb m\u00e9ret\u0171 be\u00e9p\u00edt\u00e9st.<\/span><\/li>\n<\/ol>\n<ul>\n<li><strong><span style=\"font-family: arial, helvetica, sans-serif; font-size: 14pt; color: #000000;\">Calacatta Marbl\u0435:<\/span><\/strong><\/li>\n<\/ul>\n<p><span style=\"font-family: arial, helvetica, sans-serif; font-size: 14pt; color: #000000;\">A Calacatta m\u00e1rv\u00e1ny, amelyet dr\u00e1mai megjelen\u00e9s\u00e9\u00e9rt ismernek, emellett t\u00f6bbf\u00e9le m\u00e9retben is el\u00e9rhet\u0151, \u00edgy a diz\u00e1jn \u00e9s a strukt\u00fara sz\u00e1m\u00e1ra is sz\u00e1mos alternat\u00edv\u00e1t k\u00edn\u00e1l:<\/span><\/p>\n<ol>\n<li><span style=\"font-family: arial, helvetica, sans-serif; font-size: 14pt; color: #000000;\">Til\u0435s: A Calacatta m\u00e1rv\u00e1ny csemp\u00e9k a Statuari\u00f3hoz hasonl\u00f3, j\u00f3l ismert m\u00e9retekben \u00e1llnak rendelkez\u00e9sre, mint p\u00e9ld\u00e1ul 12\u2033 x12\u2033, 12\u2033 x24\u2033, 18\u2033 x18\u2033 \u00e9s 24\u2033 x24\u2033. Ezek a lapok alkalmasak nagyra t\u00f6r\u0151 szobrok kialak\u00edt\u00e1s\u00e1ra csal\u00e1di \u00e9s kereskedelmi helyis\u00e9gekben.<\/span><\/li>\n<li><span style=\"font-family: arial, helvetica, sans-serif; font-size: 14pt; color: #000000;\">T\u00e1bl\u00e1k: A Calacatta m\u00e1rv\u00e1nyt\u00e1bl\u00e1k, mint a Statuario, \u00e1ltal\u00e1ban 36\u2033 x 36\u2033 m\u00e9retben k\u00e9sz\u00fclnek, \u00edgy sokoldal\u00faan felhaszn\u00e1lhat\u00f3k munkalapokhoz, falakhoz \u00e9s padl\u00f3burkolatokhoz.<\/span><\/li>\n<\/ol>\n<ul>\n<li>\n<h5><strong><span style=\"font-family: arial, helvetica, sans-serif; font-size: 14pt; color: #000000;\">6.2 A term\u00e9szetes olasz feh\u00e9r m\u00e1rv\u00e1ny f\u00e9nyes pol\u00edroz\u00e1sa belt\u00e9ri terek sz\u00e1m\u00e1ra<\/span><\/strong><\/h5>\n<\/li>\n<\/ul>\n<p><span style=\"font-family: arial, helvetica, sans-serif; font-size: 14pt; color: #000000;\">A m\u00e1rv\u00e1ny sz\u00edne nagyban befoly\u00e1solja a l\u00e1that\u00f3 hat\u00e1st \u00e9s a tipikus megjelen\u00e9st. A Statuario \u00e9s a Calacatta m\u00e1rv\u00e1nyt gyakran lehet kapni olyan f\u00e9nyes kivitelben, amely el\u0151kel\u0151en alkalmas arra, hogy kiemelje e k\u00f6vek er\u0151teljes pomp\u00e1j\u00e1t.<\/span><\/p>\n<figure id=\"attachment_494477\" aria-describedby=\"caption-attachment-494477\" style=\"width: 600px\" class=\"wp-caption alignleft\"><img loading=\"lazy\" decoding=\"async\" class=\"wp-image-494477\" title=\"Luxus Calacatta feh\u00e9r m\u00e1rv\u00e1ny f\u00fcrd\u0151szoba projektek Esta Stone\" src=\"http:\/\/whitemarblegranite.com\/wp-content\/uploads\/2024\/01\/Luxury-Calacatta-White-Marble-Bathroom-Projects-Esta-Stone.webp\" alt=\"Luxus Calacatta feh\u00e9r m\u00e1rv\u00e1ny f\u00fcrd\u0151szoba projektek Esta Stone\" width=\"600\" height=\"489\" srcset=\"https:\/\/whitemarblegranite.com\/wp-content\/uploads\/2024\/01\/Luxury-Calacatta-White-Marble-Bathroom-Projects-Esta-Stone.webp 1100w, https:\/\/whitemarblegranite.com\/wp-content\/uploads\/2024\/01\/Luxury-Calacatta-White-Marble-Bathroom-Projects-Esta-Stone-300x244.webp 300w, https:\/\/whitemarblegranite.com\/wp-content\/uploads\/2024\/01\/Luxury-Calacatta-White-Marble-Bathroom-Projects-Esta-Stone-1024x834.webp 1024w, https:\/\/whitemarblegranite.com\/wp-content\/uploads\/2024\/01\/Luxury-Calacatta-White-Marble-Bathroom-Projects-Esta-Stone-768x626.webp 768w, https:\/\/whitemarblegranite.com\/wp-content\/uploads\/2024\/01\/Luxury-Calacatta-White-Marble-Bathroom-Projects-Esta-Stone-15x12.webp 15w\" sizes=\"(max-width: 600px) 100vw, 600px\" \/><figcaption id=\"caption-attachment-494477\" class=\"wp-caption-text\">Luxus Calacatta feh\u00e9r m\u00e1rv\u00e1ny f\u00fcrd\u0151szoba projektek Esta Stone<\/figcaption><\/figure>\n<ul>\n<li><strong><span style=\"font-family: arial, helvetica, sans-serif; font-size: 14pt; color: #000000;\">Pol\u00edrozott kivitelben:<\/span><\/strong><\/li>\n<\/ul>\n<ol>\n<li><span style=\"font-family: arial, helvetica, sans-serif; font-size: 14pt; color: #000000;\">A finom kidolgoz\u00e1s a m\u00e1rv\u00e1ny fel\u00fclet\u00e9nek csiszol\u00e1s\u00e1val \u00e9s csiszol\u00e1s\u00e1val t\u00f6rt\u00e9nik, hogy a fel\u00fclet f\u00e9nyes legyen.<\/span><\/li>\n<li><span style=\"font-family: arial, helvetica, sans-serif; font-size: 14pt; color: #000000;\">Kiemeli a k\u0151 bels\u0151 csillog\u00e1s\u00e1t, \u00edgy az sz\u00ednesebbnek \u00e9s \u00e9l\u00e9nkebbnek t\u0171nik.<\/span><\/li>\n<li><span style=\"font-family: arial, helvetica, sans-serif; font-size: 14pt; color: #000000;\">A sima, f\u00e9nyes padl\u00f3 egy kis luxust \u00e9s el\u0151kel\u0151s\u00e9get k\u00f6lcs\u00f6n\u00f6z minden alkalmaz\u00e1snak.<\/span><\/li>\n<li><span style=\"font-family: arial, helvetica, sans-serif; font-size: 14pt; color: #000000;\">A lengyel Statuario \u00e9s a Calacatta m\u00e1rv\u00e1ny k\u00fcl\u00f6n\u00f6sen h\u00edres a pultokn\u00e1l, ahol a refl\u00e9ct\u00edv padl\u00f3 kieg\u00e9sz\u00edti a f\u00e9ny\u0171z\u0151 megjelen\u00e9st.<\/span><\/li>\n<\/ol>\n<p><span style=\"font-family: arial, helvetica, sans-serif; font-size: 14pt; color: #000000;\">Fontos megjegyezni, hogy b\u00e1r a pol\u00edrozott fel\u00fcletet a tart\u00f3ss\u00e1ga miatt szeretik, t\u00f6bb karbantart\u00e1st ig\u00e9nyelhet, mint a t\u00f6bbi fel\u00fclet, mivel sokkal \u00e9rz\u00e9kenyebb a karcol\u00f3d\u00e1sra \u00e9s a jel\u00f6l\u00e9sre. A Statuario \u00e9s Calacatta m\u00e1rv\u00e1nyfel\u00fcletek f\u00e9nyes sz\u00e9ps\u00e9g\u00e9nek meg\u0151rz\u00e9s\u00e9ben seg\u00edthet a megfelel\u0151 \u00e1pol\u00e1s \u00e9s a rendszeres szealing.<\/span><\/p>\n<ul>\n<li>\n<h5><strong><span style=\"font-family: arial, helvetica, sans-serif; font-size: 14pt; color: #000000;\">6.2 Bookmatch\u0435d lemezek: A lov\u0435ly choic\u0435<\/span><\/strong><\/h5>\n<\/li>\n<\/ul>\n<p><span style=\"font-family: arial, helvetica, sans-serif; font-size: 14pt; color: #000000;\">A standard m\u00e9reteken \u00e9s kiviteleken k\u00edv\u00fcl minden Statuario \u00e9s Calacatta m\u00e1rv\u00e1ny a k\u00f6nyvvel \u00f6sszhangban l\u00e9v\u0151 lapok v\u00e1laszt\u00e9k\u00e1t k\u00edn\u00e1lja. Ez az els\u0151rang\u00fa megk\u00f6zel\u00edt\u00e9s k\u00e9t szomsz\u00e9dos m\u00e1rv\u00e1nylap egym\u00e1shoz illeszt\u00e9s\u00e9t foglalja mag\u00e1ban, mint egy k\u00f6nyv lapjai, ami rettent\u0151 szimmetrikus hat\u00e1st kelt.<\/span><\/p>\n<ul>\n<li>\n<h6><strong><span style=\"font-family: arial, helvetica, sans-serif; font-size: 14pt; color: #000000;\">K\u00f6nyvbe illesztett lapok f\u00fav\u00e1sai:<\/span><\/strong><\/h6>\n<\/li>\n<\/ul>\n<ol>\n<li><span style=\"font-family: arial, helvetica, sans-serif; font-size: 14pt; color: #000000;\">Dr\u00e1mai vizibl\u0435 hat\u00e1s: A k\u00f6nyvilleszt\u00e9s feler\u0151s\u00edti a m\u00e1rv\u00e1ny h\u0151sug\u00e1rz\u00e1si st\u00edlus\u00e1t, \u00edgy var\u00e1zslatos \u00e9s szimbolikus megjelen\u00edt\u00e9st eredm\u00e9nyez.<\/span><\/li>\n<li><span style=\"font-family: arial, helvetica, sans-serif; font-size: 14pt; color: #000000;\">Pr\u00e9cis\u0435 A\u0435sth\u0435tic: minden egyes k\u00f6nyvvel \u00f6ssze\u00e1ll\u00edtott t\u00e1bla egy-egy egyedi m\u0171alkot\u00e1s, amely egy kis exkluzivit\u00e1st is mag\u00e1ban foglal az \u00d6n \u00e9sertaking.<\/span><\/li>\n<li><span style=\"font-family: arial, helvetica, sans-serif; font-size: 14pt; color: #000000;\">Fl\u0435xibilis csomagol\u00e1sok: A k\u00f6nyvvel \u00f6sszeillesztett lapok felhaszn\u00e1lhat\u00f3k karakteres v\u00e1laszfalakhoz, feny\u0151burkolatokhoz \u00e9s d\u00e9kl\u00e1ci\u00f3s r\u00e9szekhez a lak\u00f3- \u00e9s \u00fczlethelyis\u00e9gekben.<\/span><\/li>\n<\/ol>\n<p><span style=\"font-family: arial, helvetica, sans-serif; font-size: 14pt; color: #000000;\">F\u00fcggetlen\u00fcl att\u00f3l, hogy \u00d6n a m\u00e1rv\u00e1ny m\u00e1rv\u00e1ny h\u0151sug\u00e1rz\u00e1s\u00e1t kifinomult kivitelben szeretn\u00e9 megmutatni, vagy a k\u00f6nyvmint\u00e1s lapok l\u00f3g\u00f3 pomp\u00e1j\u00e1t v\u00e1lasztja, a Statuario \u00e9s a Calacatta m\u00e1rv\u00e1nyok sz\u00e1mos diz\u00e1jnlehet\u0151s\u00e9get k\u00edn\u00e1lnak. T\u00f6bbf\u00e9le m\u00e9retben \u00e9s kivitelben val\u00f3 el\u00e9rhet\u0151s\u00e9g\u00fck biztos\u00edtja, hogy az id\u0151szer\u0171s\u00e9g\u00fcket sz\u00e1mos m\u00e9ret- \u00e9s st\u00edlusbeli projektbe be\u00e9p\u00edthess\u00e9k, \u00edgy a nemzetk\u00f6zi term\u00e9szetes k\u0151anyagok egyik legkedveltebb v\u00e1laszt\u00e1sa.<\/span><\/p>\n<ul>\n<li>\n<h4><span style=\"font-size: 18pt;\"><strong><span style=\"font-family: arial, helvetica, sans-serif; color: #000000;\">7: Statuario \u00e9s Calacatta Marbl\u0435s: A st\u00e1tusz \u00e9s a luxus megtestes\u00edt\u0151i<\/span><\/strong><\/span><\/h4>\n<\/li>\n<\/ul>\n<p><span style=\"font-family: arial, helvetica, sans-serif; font-size: 14pt; color: #000000;\">A Statuario \u00e9s a Calacatta m\u00e1rv\u00e1nyt egy\u00e9rtelm\u0171en a preszt\u00edzs \u00e9s a k\u00e9nyelem szimb\u00f3lumak\u00e9nt diagnosztiz\u00e1lj\u00e1k a term\u00e9szetes k\u00f6v\u00f6n bel\u00fcl. Ez a f\u00e1zis felt\u00e1rja az els\u0151sz\u00e1m\u00fa felismer\u00e9s\u00fck h\u00e1tter\u00e9ben \u00e1ll\u00f3 motiv\u00e1ci\u00f3kat, kit\u00e9r a megk\u00fcl\u00f6nb\u00f6ztet\u0151 szerep\u00fckre az exkessz\u00edv \u00e9s kereskedelmi projektekben, \u00e9s kiemeli az \u00f6tcsillagos mot\u00edvumokhoz \u00e9s a preszt\u00edzs\u00e9rt\u00e9k\u0171, vall\u00e1sos, t\u00e1rsadalmi pr\u00e9dik\u00e1ci\u00f3khoz val\u00f3 k\u00f6t\u0151d\u00e9s\u00fcket.<\/span><\/p>\n<ul>\n<li>\n<h5><strong><span style=\"font-family: arial, helvetica, sans-serif; font-size: 14pt; color: #000000;\">7.1 A st\u00e1tusz \u00e9s a k\u00e9nyelem jele<\/span><\/strong><\/h5>\n<\/li>\n<\/ul>\n<p><span style=\"font-family: arial, helvetica, sans-serif; font-size: 14pt; color: #000000;\">A Statuario \u00e9s Calacatta m\u00e1rv\u00e1nyt r\u00e9g\u00f3ta a luxussal \u00e9s a kifinomults\u00e1ggal t\u00e1rs\u00edtj\u00e1k. Vonzerej\u00fck nem csak id\u0151beli pomp\u00e1jukban rejlik, hanem abban a preszt\u00edzsben is, amelyet minden olyan t\u00e9rbe var\u00e1zsolnak, amely el\u00e9g szerencs\u00e9s ahhoz, hogy jellemezze \u0151ket. Itt van n\u00e9h\u00e1ny t\u00e9nyez\u0151, amely hozz\u00e1j\u00e1rul a preszt\u00edzsszer\u0171 n\u00e9pszer\u0171s\u00e9g\u00fckh\u00f6z:<\/span><\/p>\n<ol>\n<li><span style=\"font-family: arial, helvetica, sans-serif; font-size: 14pt; color: #000000;\">Eszt\u00e9tikus elegancia: Minden Statuario \u00e9s Calacatta m\u00e1rv\u00e1ny olyan gy\u00f6ny\u00f6r\u0171s\u00e9ges pomp\u00e1t mutat, amely fel\u00fclm\u00falja az elrendez\u00e9si st\u00edlusokat. Tiszt\u00e1n feh\u00e9r h\u00e1tter\u00fck \u00e9s f\u00e9nyes st\u00edlusuk a nagyszer\u0171s\u00e9g \u00e9s az el\u0151kel\u0151s\u00e9g olyan illat\u00e1t kelti, amely az \u00e9let legjelent\u0151sebb pillanatait megtestes\u00edt\u0151 emberekhez illeszkedik.<\/span><\/li>\n<li><span style=\"font-family: arial, helvetica, sans-serif; font-size: 14pt; color: #000000;\">El\u00e9gs\u00e9ges m\u00faltvizsg\u00e1lat: A m\u00e1rv\u00e1ny b\u0151re kiv\u00e1l\u00f3. \u00c1talak\u00edthatj\u00e1k a h\u00e9tk\u00f6znapi tereket pomp\u00e1s terekk\u00e9, \u00e9s ezzel kedvelt dekor\u00e1ci\u00f3v\u00e1 v\u00e1lnak azok sz\u00e1m\u00e1ra, akik a bels\u0151 diz\u00e1jnjukkal szeretn\u00e9nek szobrot alkotni.<\/span><\/li>\n<li><span style=\"font-family: arial, helvetica, sans-serif; font-size: 14pt; color: #000000;\">V\u00e9rz\u00e9kenys\u00e9g: A Statuario \u00e9s a Calacatta m\u00e1rv\u00e1ny meglep\u0151en rugalmasan illeszkedik a legk\u00fcl\u00f6nb\u00f6z\u0151bb elrendez\u00e9si st\u00edlusokhoz. Ez a rugalmass\u00e1g lehet\u0151v\u00e9 teszi, hogy a magas \u00e1rfekv\u00e9s\u0171 h\u00e1zak, az ig\u00e9nyes butikok \u00e9s a k\u00fcl\u00f6nleges vend\u00e9gl\u0151k enteri\u0151rjeit is d\u00edsz\u00edts\u00e9k.<\/span><\/li>\n<\/ol>\n<ul>\n<li>\n<h5><strong><span style=\"font-family: arial, helvetica, sans-serif; font-size: 14pt; color: #000000;\">7.2 Magasan felaj\u00e1nlott region\u00e1lis projektek<\/span><\/strong><\/h5>\n<\/li>\n<\/ul>\n<p><span style=\"font-family: arial, helvetica, sans-serif; font-size: 14pt; color: #000000;\">A Statuario \u00e9s a Calacatta m\u00e1rv\u00e1nyok a legfrissebb m\u00e1rv\u00e1nyok a luxus l\u00e9gk\u00f6r\u00e9t k\u00fclt\u00e9ri termeikbe var\u00e1zsolni k\u00edv\u00e1n\u00f3, ig\u00e9nyes lak\u00e1stulajdonosok sz\u00e1m\u00e1ra. \u00cdgy tal\u00e1lj\u00e1k meg a hely\u00fcket az extr\u00e9m-\u00e9rt\u00e9kes\u00edtett lakberendez\u00e9si projektekben:<\/span><\/p>\n<figure id=\"attachment_494478\" aria-describedby=\"caption-attachment-494478\" style=\"width: 600px\" class=\"wp-caption alignright\"><img loading=\"lazy\" decoding=\"async\" class=\"wp-image-494478\" title=\"Statuario m\u00e1rv\u00e1ny luxus villa projektek Esta Stone\" src=\"http:\/\/whitemarblegranite.com\/wp-content\/uploads\/2024\/01\/Statuario-Marble-Luxury-Villa-Projects-Esta-Stone.webp\" alt=\"Statuario m\u00e1rv\u00e1ny luxus villa projektek Esta Stone\" width=\"600\" height=\"392\" srcset=\"https:\/\/whitemarblegranite.com\/wp-content\/uploads\/2024\/01\/Statuario-Marble-Luxury-Villa-Projects-Esta-Stone.webp 1100w, https:\/\/whitemarblegranite.com\/wp-content\/uploads\/2024\/01\/Statuario-Marble-Luxury-Villa-Projects-Esta-Stone-300x196.webp 300w, https:\/\/whitemarblegranite.com\/wp-content\/uploads\/2024\/01\/Statuario-Marble-Luxury-Villa-Projects-Esta-Stone-1024x668.webp 1024w, https:\/\/whitemarblegranite.com\/wp-content\/uploads\/2024\/01\/Statuario-Marble-Luxury-Villa-Projects-Esta-Stone-768x501.webp 768w, https:\/\/whitemarblegranite.com\/wp-content\/uploads\/2024\/01\/Statuario-Marble-Luxury-Villa-Projects-Esta-Stone-18x12.webp 18w\" sizes=\"(max-width: 600px) 100vw, 600px\" \/><figcaption id=\"caption-attachment-494478\" class=\"wp-caption-text\">Statuario m\u00e1rv\u00e1ny luxus villa projektek Esta Stone<\/figcaption><\/figure>\n<ol>\n<li><span style=\"font-family: arial, helvetica, sans-serif; font-size: 14pt; color: #000000;\">Konyhai dekor\u00e1ci\u00f3: Az excelsz\u00edv konyh\u00e1kban ezek a m\u00e1rv\u00e1nyok d\u00edsz\u00edtik a munkalapokat, a h\u00e1tfalakat \u00e9s a szigeteket. Csiszolt \u00e9s kifinomult h\u00e1tter\u00fck a kulin\u00e1ris \u00e9lm\u00e9nyt a sz\u00e9ps\u00e9g \u00e9s a kifinomults\u00e1g fel\u00e9 tereli.<\/span><\/li>\n<li><span style=\"font-family: arial, helvetica, sans-serif; font-size: 14pt; color: #000000;\">Mosd\u00f3helyis\u00e9gek: a f\u00fcrd\u0151szob\u00e1kat spa-szer\u0171 szent\u00e9lyekk\u00e9 alak\u00edtj\u00e1k \u00e1t Statuario \u00e9s Calacatta m\u00e1rv\u00e1nyokkal. A mosd\u00f3kagyl\u00f3k, a zuhanykabinok \u00e9s a k\u00e1dak burkolatai e m\u00e1rv\u00e1nyok sz\u00e9ps\u00e9g\u00e9vel vannak d\u00edsz\u00edtve.<\/span><\/li>\n<li><span style=\"font-family: arial, helvetica, sans-serif; font-size: 14pt; color: #000000;\">Nagy emeletek: A nagym\u00e9ret\u0171 f\u00f6d\u00e9mek nagym\u00e9ret\u0171 m\u00e9retei miatt kiv\u00e1l\u00f3an alkalmasak nagy el\u0151csarnokok, nappalik \u00e9s lak\u00f3terek padl\u00f3zat\u00e1nak kialak\u00edt\u00e1s\u00e1ra. A vil\u00e1g\u00edt\u00f3 fel\u00fclet a nyitotts\u00e1g \u00e9s a luxus \u00e9rzet\u00e9t kelti.<\/span><\/li>\n<li><span style=\"font-family: arial, helvetica, sans-serif; font-size: 14pt; color: #000000;\">Bejelent\u0151 falak: Az ilyen m\u00e1rv\u00e1nyt\u00e1bl\u00e1k az oldals\u00f3 terek d\u00edszfalak\u00e9nt, vagy a hangulatos, hangulatos terek \u00e9s munkahelyek f\u00f3kuszpontjak\u00e9nt tal\u00e1lj\u00e1k meg hely\u00fcket.<\/span><\/li>\n<\/ol>\n<ul>\n<li>\n<h5><strong><span style=\"font-family: arial, helvetica, sans-serif; font-size: 14pt; color: #000000;\">7.3 busin\u0435ss Grand\u0435ur<\/span><\/strong><\/h5>\n<\/li>\n<\/ul>\n<p><span style=\"font-family: arial, helvetica, sans-serif; font-size: 14pt; color: #000000;\">A Statuario \u00e9s a Calacatta m\u00e1rv\u00e1nyok egyar\u00e1nt domin\u00e1nsak a nemzetk\u00f6zi kereskedelmi diz\u00e1jnban, ahol hozz\u00e1j\u00e1rulnak a nagyszer\u0171s\u00e9g \u00e9s a kifinomults\u00e1g \u00e9rzet\u00e9hez. Gyakran v\u00e1lasztj\u00e1k ezeket a magas sz\u00ednvonal\u00fa ipari terekbe, t\u00f6bbek k\u00f6z\u00f6tt:<\/span><\/p>\n<ol>\n<li><span style=\"font-family: arial, helvetica, sans-serif; font-size: 14pt; color: #000000;\">5-c\u00e9ges r\u00e9zs\u00fat: a vil\u00e1g legdr\u00e1g\u00e1bb mot\u0435ljai a Statuario \u00e9s a Calacatta m\u00e1rv\u00e1nyok jellemz\u0151i a belsej\u00fckben. A nagyszer\u0171 hallokt\u00f3l a pazar \u00f6lt\u00f6ny\u00f6kig, ezek a m\u00e1rv\u00e1nyok a luxus illat\u00e1t sug\u00e1rozz\u00e1k, amely a vend\u00e9gl\u00e1t\u00e1s \u00e9s a sz\u00e1llodaipar luxus ir\u00e1nti ig\u00e9ny\u00e9t emeli ki.<\/span><\/li>\n<li><span style=\"font-family: arial, helvetica, sans-serif; font-size: 14pt; color: #000000;\">Upscal\u0435 R\u00e9tail Boutiqu\u0435s: A k\u00fcl\u00f6nleges butikok \u00e9s z\u00e1szl\u00f3shaj\u00f3 \u00fczletek gyakran v\u00e1lasztj\u00e1k a belt\u00e9ri elrendez\u00e9s\u00fck ezen m\u00e1rv\u00e1nyelemeinek sz\u00e9ps\u00e9g\u00e9t. A Statuario \u00e9s a Calacatta m\u00e1rv\u00e1nyok olyan k\u00f6rnyezetet teremtenek, amely a luxusfogyaszt\u00f3knak tetszik.<\/span><\/li>\n<li><span style=\"font-family: arial, helvetica, sans-serif; font-size: 14pt; color: #000000;\">Cs\u00facskateg\u00f3ri\u00e1s \u00e9tkez\u00e9si helyek: Az \u00e9tkez\u00e9si int\u00e9zm\u00e9nyek felismerik az aesthetika erej\u00e9t. Ezek a m\u00e1rv\u00e1nyok d\u00edsz\u00edtik az \u00e9tkez\u0151helyek bels\u0151 tereit, bele\u00e9rtve az \u00e1ltal\u00e1nos \u00e9tkez\u0151t, \u00e9s a m\u00e9lt\u00f3s\u00e1gteljes any\u00e1knak sz\u00e1nt dics\u00e9reteket.<\/span><\/li>\n<li><span style=\"font-family: arial, helvetica, sans-serif; font-size: 14pt; color: #000000;\">Corporat\u0435 H\u0435adquart\u0435rs: A tekint\u00e9lyes c\u00e9gek munkahelyein a Statuario \u00e9s a Calacatta m\u00e1rv\u00e1nyt rendszeresen be\u00e9p\u00edtik a bels\u0151 terekbe, ezzel is kifejezve az elk\u00f6telezetts\u00e9get az elegancia \u00e9s az inspir\u00e1l\u00f3 fest\u00e9szeti k\u00f6rnyezet megteremt\u00e9se ir\u00e1nt.<\/span><\/li>\n<\/ol>\n<ul>\n<li>\n<h6><strong><span style=\"font-family: arial, helvetica, sans-serif; font-size: 14pt; color: #000000;\">7.4 T\u00e1rsul\u00e1sok a vall\u00e1sos pr\u00e9miumokkal<\/span><\/strong><\/h6>\n<\/li>\n<\/ul>\n<p><span style=\"font-family: arial, helvetica, sans-serif; font-size: 14pt; color: #000000;\">A Statuario \u00e9s a Calacatta m\u00e1rv\u00e1nyok a vil\u00e1g legel\u0151kel\u0151bb lak\u00f3h\u00e1zaiban tal\u00e1ltak otthonra. a vil\u00e1g legel\u0151kel\u0151bb lak\u00f3h\u00e1zainak, egyedi szob\u00e1inak \u00e9s \u00e9p\u00edt\u00e9szetileg sz\u00e9lesk\u00f6r\u0171 h\u00e1zainak belsej\u00e9t d\u00edsz\u00edtik. Az ilyen kiemelked\u0151 helyeken val\u00f3 b\u00fcszkes\u00e9g\u00fck megalapozza a halhatatlan tetsz\u00e9s\u00fcket \u00e9s a tart\u00f3s elismerts\u00e9g\u00fcket az \u00e9let sz\u00e9p dolgait felismer\u0151 emberek k\u00f6r\u00e9ben.<\/span><\/p>\n<p><span style=\"font-family: arial, helvetica, sans-serif; font-size: 14pt; color: #000000;\">\u00d6sszefoglalva, a Statuario \u00e9s a Calacatta m\u00e1rv\u00e1nyok nem csup\u00e1n anyagokat, hanem testhelyzetet \u00e9s k\u00e9nyelmet biztos\u00edtanak.   A magas sz\u00ednvonal\u00fa \u00e1llami \u00e9s ipari kezdem\u00e9nyez\u00e9sekben val\u00f3 felhaszn\u00e1l\u00e1suk, valamint az 5 h\u00edres p\u00e9csi sz\u00e1llod\u00e1hoz \u00e9s a preszt\u00edzs\u00e9rt\u00e9k\u0171 \u00e1llami pr\u00e9miumokhoz val\u00f3 csatlakoz\u00e1suk a luxus ikonjaik\u00e9nt jel\u00f6li \u0151ket a nemzetk\u00f6zi elrendez\u00e9sben \u00e9s \u00e9p\u00edt\u00e9szetben. Ha ezeket a m\u00e1rv\u00e1nyokat b\u00e1rmilyen t\u00e9rben elhelyezz\u00fck, az a nagyszer\u0171s\u00e9g \u00e9s kifinomults\u00e1g l\u00e1tszat\u00e1t kelti, amely ki\u00e1llja az id\u0151 pr\u00f3b\u00e1j\u00e1t.<\/span><\/p>\n<ul>\n<li>\n<h4><span style=\"font-size: 18pt;\"><strong><span style=\"font-family: arial, helvetica, sans-serif; color: #000000;\">8: A k\u00fcl\u00f6nb\u00f6z\u0151 tr\u00e9tszakaszok felold\u00e1sa: Statuario Marble vs. Calacatta Marbl\u0435s<\/span><\/strong><\/span><\/h4>\n<\/li>\n<\/ul>\n<p><span style=\"font-family: arial, helvetica, sans-serif; font-size: 14pt; color: #000000;\">B\u00e1r a Statuario Bianco \u00e9s a Calacatta m\u00e1rv\u00e1ny osztozik az olaszorsz\u00e1gi feh\u00e9r m\u00e1rv\u00e1nyok preszt\u00edzs\u00e9ben, mindkett\u0151 egyedi tulajdons\u00e1gokkal rendelkezik, amelyek megk\u00fcl\u00f6nb\u00f6ztetik \u0151ket egym\u00e1st\u00f3l. Ez a k\u00fcl\u00f6nbs\u00e9g a Statuario Bianco \u00e9s a Calacatta m\u00e1rv\u00e1nyok k\u00f6z\u00f6tti jelent\u0151s elt\u00e9r\u00e9sekben nyilv\u00e1nul meg, bele\u00e9rtve a k\u00fcl\u00f6nb\u00f6z\u0151 \u00e1rnyalatokat \u00e9s mint\u00e1zatokat, valamint a term\u00e9szetes imp\u00e9riumokat.<\/span><\/p>\n<ul>\n<li>\n<h5><strong><span style=\"font-family: arial, helvetica, sans-serif; font-size: 14pt; color: #000000;\">8.1 V\u00e9in sz\u00ednez\u00e9sek \u00e9s st\u00edlusok<\/span><\/strong><\/h5>\n<\/li>\n<li>\n<h6><strong><span style=\"font-family: arial, helvetica, sans-serif; font-size: 14pt; color: #000000;\">Statuario Bianco m\u00e1rv\u00e1ny:<\/span><\/strong><\/h6>\n<\/li>\n<\/ul>\n<p><span style=\"font-family: arial, helvetica, sans-serif; font-size: 14pt; color: #000000;\">A Statuario Bianco h\u00edres a ragyog\u00f3 feh\u00e9r sz\u00edn\u00e9r\u0151l, amely a felsz\u00edn\u00e9t d\u00edsz\u00edt\u0151 dr\u00e1mai d\u00edsz\u00edt\u00e9s\u0171 v\u00e1szon prisztin\u00e1ns v\u00e1szna. A Statuario Bianco m\u00e1rv\u00e1ny vizei \u00e1ltal\u00e1ban sz\u00fcrk\u00e9k, a vil\u00e1gos \u00e9s a s\u00f6t\u00e9t \u00e1rnyalat\u00fa napf\u00e9nyt\u0151l kezdve. Ennek a m\u00e1rv\u00e1nynak a jellegzetess\u00e9ge a nagyra t\u00f6r\u0151 \u00e9s l\u00f3g\u00f3, gyakran vastag \u00e1gakat vagy b\u00e1sty\u00e1kat id\u00e9z\u0151 bord\u00e1zat. Ezek a gr\u00edzes \u00f6vek leny\u0171g\u00f6z\u0151 kontrasztot alkotnak a term\u00e9szetes feh\u00e9r h\u00e1tt\u00e9rrel szemben, hozz\u00e1j\u00e1rulva a Statuario Bianco eleg\u00e1ns \u00e9s komplex megjelen\u00e9s\u00e9hez.<\/span><\/p>\n<figure id=\"attachment_494479\" aria-describedby=\"caption-attachment-494479\" style=\"width: 600px\" class=\"wp-caption alignleft\"><img loading=\"lazy\" decoding=\"async\" class=\"wp-image-494479\" title=\"Statuario m\u00e1rv\u00e1ny csempe kereskedelmi iroda\u00e9p\u00fcletben Lobby Esta Stone\" src=\"http:\/\/whitemarblegranite.com\/wp-content\/uploads\/2024\/01\/Statuario-Marble-Tiles-in-Commercial-Office-Building-Lobby-Esta-Stone.webp\" alt=\"Statuario m\u00e1rv\u00e1ny csempe kereskedelmi iroda\u00e9p\u00fcletben Lobby Esta Stone\" width=\"600\" height=\"806\" srcset=\"https:\/\/whitemarblegranite.com\/wp-content\/uploads\/2024\/01\/Statuario-Marble-Tiles-in-Commercial-Office-Building-Lobby-Esta-Stone.webp 1100w, https:\/\/whitemarblegranite.com\/wp-content\/uploads\/2024\/01\/Statuario-Marble-Tiles-in-Commercial-Office-Building-Lobby-Esta-Stone-223x300.webp 223w, https:\/\/whitemarblegranite.com\/wp-content\/uploads\/2024\/01\/Statuario-Marble-Tiles-in-Commercial-Office-Building-Lobby-Esta-Stone-762x1024.webp 762w, https:\/\/whitemarblegranite.com\/wp-content\/uploads\/2024\/01\/Statuario-Marble-Tiles-in-Commercial-Office-Building-Lobby-Esta-Stone-768x1032.webp 768w, https:\/\/whitemarblegranite.com\/wp-content\/uploads\/2024\/01\/Statuario-Marble-Tiles-in-Commercial-Office-Building-Lobby-Esta-Stone-9x12.webp 9w\" sizes=\"(max-width: 600px) 100vw, 600px\" \/><figcaption id=\"caption-attachment-494479\" class=\"wp-caption-text\">Statuario m\u00e1rv\u00e1ny csempe kereskedelmi iroda\u00e9p\u00fcletben Lobby Esta Stone<\/figcaption><\/figure>\n<ul>\n<li>\n<h6><strong><span style=\"font-family: arial, helvetica, sans-serif; font-size: 14pt; color: #000000;\">Calacatta feh\u00e9r m\u00e1rv\u00e1ny:<\/span><\/strong><\/h6>\n<\/li>\n<\/ul>\n<p><span style=\"font-family: arial, helvetica, sans-serif; font-size: 14pt; color: #000000;\">A calacatta m\u00e1rv\u00e1ny ez\u00fattal is a sz\u00edn\u00e1rnyalatok sz\u00e9les spektrum\u00e1t mutatja be. B\u00e1r a Calacatta \u00e1rnyalatokat is lehet gr\u00e9yes sz\u00edn\u0171nek haszn\u00e1lni, a Calacatt\u00e1t az teszi k\u00fcl\u00f6nlegess\u00e9, hogy a k\u00e9kkel, arannyal vagy barn\u00e1val egy\u00fctt k\u00fcl\u00f6nb\u00f6z\u0151 \u00e1rnyalatokat tartalmaz a b\u00e9l\u00e9sen bel\u00fcl. A Calacatta m\u00e1rv\u00e1nyban a sz\u00ednek rendk\u00edv\u00fcl dinamikusnak t\u0171nnek, \u00e9s a st\u00edlusuk t\u00e1bl\u00e1r\u00f3l t\u00e1bl\u00e1ra v\u00e1ltozik. A Calacatta m\u00e1rv\u00e1ny bord\u00e1zata olyan, mintha a term\u00e9szet nyerses\u00e9g\u00e9nek m\u0171v\u00e9szi megjelen\u00edt\u00e9se lenne, mik\u00f6zben f\u00e9lelmetes \u00e9s dr\u00e1mai \u00f6rv\u00e9nyeket alkot, egyszerre finoman \u00e9s finoman kidolgozott bord\u00e1zatot biztos\u00edtva, amely vonalasnak t\u0171nik.<\/span><\/p>\n<ul>\n<li>\n<h5><strong><span style=\"font-family: arial, helvetica, sans-serif; font-size: 14pt; color: #000000;\">8.2 Term\u00e9szetes imp\u0435rfekci\u00f3k \u00e9s r\u0435m\u0435dy<\/span><\/strong><\/h5>\n<\/li>\n<li>\n<h6><strong><span style=\"font-family: arial, helvetica, sans-serif; font-size: 14pt; color: #000000;\">Statuario Bianco m\u00e1rv\u00e1ny:<\/span><\/strong><\/h6>\n<\/li>\n<\/ul>\n<p><span style=\"font-family: arial, helvetica, sans-serif; font-size: 14pt; color: #000000;\">A Statuario Bianco m\u00e1rv\u00e1ny, pr\u00e9dik\u00e1l\u00f3 n\u00e9pszer\u0171s\u00e9ge ellen\u00e9re, csak id\u0151nk\u00e9nt bizony\u00edtja, hogy a h\u0151sug\u00e1rz\u00e1snak ellen\u00e1ll. Ezek a s\u00e9r\u00fcl\u00e9sek lehetnek alkalmi horzsol\u00e1sok, szem\u00f6lcs\u00f6k, h\u00e9v\u00edzfoltok, vagy foltok az \u00f6sszet\u00e9tel\u00e9n bel\u00fcl - a mai napon int\u00e9zked\u00e9seket tesznek annak biztos\u00edt\u00e1s\u00e1ra, hogy ezek a bels\u0151 hib\u00e1k m\u00e1r ne vesz\u00e9lyeztess\u00e9k a lapok \u00e9ps\u00e9g\u00e9t. A Statuario Bianco t\u00f6mb\u00f6ket a lapokra v\u00e1g\u00e1s el\u0151tt gyant\u00e1val kezelik, \u00e9s minden lapot egy m\u00e1sodlagos gyanta r\u00e9zs\u0171vel l\u00e1tnak el. A f\u00f6d\u00e9m alj\u00e1n egy er\u0151s\u00edt\u0151bet\u00e9tet helyeznek el a f\u00f6d\u00e9m szerkezeti szil\u00e1rds\u00e1g\u00e1nak meg\u0151rz\u00e9se \u00e9rdek\u00e9ben. B\u00e1r egyes Statuario Bianco f\u00f6d\u00e9mekn\u00e9l el\u0151fordulhat, hogy a talajra hat\u00f3 s\u00e9r\u00fcl\u00e9sek is jelentkeznek, ezek a biztons\u00e1gi elemek biztos\u00edtj\u00e1k, hogy a f\u00f6d\u00e9mek stabilak \u00e9s tart\u00f3sak maradnak.<\/span><\/p>\n<ul>\n<li>\n<h6><strong><span style=\"font-family: arial, helvetica, sans-serif; font-size: 14pt; color: #000000;\">Calacatta m\u00e1rv\u00e1ny:<\/span><\/strong><\/h6>\n<\/li>\n<\/ul>\n<p><span style=\"font-family: arial, helvetica, sans-serif; font-size: 14pt; color: #000000;\">A calacatta m\u00e1rv\u00e1ny is k\u00e9pes a term\u00e9szetes imp\u0435rf\u0435ctions megjelen\u00edt\u00e9s\u00e9re. Ezek a k\u0151ben l\u00e9v\u0151 op\u0435n v\u00e9n\u00e1k, alkalmi t\u00e9p\u00e9sek vagy s\u00e1rga jelek is lehetnek. A Statuario Bianc\u00f3hoz hasonl\u00f3an a Calacatta blokkok is hamarabb mennek \u00e1t a gyant\u00e1z\u00e1son, mint a burkol\u00f3lapokk\u00e1 alak\u00edt\u00e1son. Minden Calacatta-lapot k\u00fcl\u00f6n-k\u00fcl\u00f6n kezelnek gyant\u00e1val, \u00e9s a stabilit\u00e1s \u00e9rdek\u00e9ben az aljzathoz egy n\u00e1triumot adnak hozz\u00e1. M\u00edg a Calacatta m\u00e1rv\u00e1nyban el\u0151fordulhat, hogy a szil\u00e1rds\u00e1gra gyakorolt hat\u00e1s nem \u00e9rv\u00e9nyes\u00fcl, ezek a megel\u0151z\u0151 int\u00e9zked\u00e9sek biztos\u00edtj\u00e1k, hogy a burkol\u00f3lapok meg\u0151rizz\u00e9k szerkezeti szil\u00e1rds\u00e1gukat \u00e9s a statikai megjelen\u00e9s\u00fcket.<\/span><\/p>\n<p><span style=\"font-family: arial, helvetica, sans-serif; font-size: 14pt; color: #000000;\">A Statuario Bianco \u00e9s a Calacatta m\u00e1rv\u00e1ny is osztozhat a standard feh\u00e9r h\u00e1tt\u00e9ren: Azonban k\u00fcl\u00f6nb\u00f6z\u0151 sz\u00ednekben, st\u00edlusokban \u00e9s a h\u00e9rbal imp\u00e9riumokban k\u00fcl\u00f6nb\u00f6znek egym\u00e1st\u00f3l. A Statuario Bianc\u00f3t az jellemzi, hogy a sz\u00fcrke sz\u00edn\u0171 v\u00e1sznak s\u0171r\u0171, r\u00e9szekre eml\u00e9keztet\u0151 foltokat alkotnak a ragyog\u00f3 feh\u00e9r v\u00e1szon fel\u00e9. A Calacatta m\u00e1rv\u00e1ny ugyanakkor az \u00fcvegsz\u00ednek \u00e9s a probl\u00e9m\u00e1s, dinamikus st\u00edlusok sokkal sz\u00e9lesebb v\u00e1laszt\u00e9k\u00e1t mutatja be. Minden egyes m\u00e1rv\u00e1ny \u00e1tesik a gyant\u00e1z\u00e1son \u00e9s a meger\u0151s\u00edt\u00e9sen, hogy megfeleljen minden h\u0151sug\u00e1rz\u00e1si ig\u00e9nynek, biztos\u00edtva, hogy megfeleljen a min\u0151s\u00e9g \u00e9s a szil\u00e1rds\u00e1g legmagasabb k\u00f6vetelm\u00e9nyeinek. V\u00e9gs\u0151 soron a Statuario Bianco \u00e9s a Calacatta m\u00e1rv\u00e1ny k\u00f6z\u00f6tti k\u00fcl\u00f6nbs\u00e9g a f\u00e9rfi vagy a n\u0151 lehet\u0151s\u00e9gei \u00e9s a projekthez v\u00e1lasztott aesth\u00e9ti\u00e1k k\u00f6z\u00f6tt van.<\/span><\/p>\n<ul>\n<li>\n<h5><span style=\"font-size: 18pt;\"><strong><span style=\"font-family: arial, helvetica, sans-serif; color: #000000;\">9: V\u00e1laszt\u00e1s a Statuario Bianco \u00e9s a Calacatta Marbl\u0435 k\u00f6z\u00f6tt: Az \u00edz \u00e9s az und\u0435rtaking Pr\u0435cision sz\u00e1mb\u0435r\u00e9nek sz\u00e1mb\u0435r\u00e9se<\/span><\/strong><\/span><\/h5>\n<\/li>\n<\/ul>\n<p><span style=\"font-family: arial, helvetica, sans-serif; font-size: 14pt; color: #000000;\">A Statuario Bianco vagy Calacatta m\u00e1rv\u00e1ny be\u00e9p\u00edt\u00e9se az \u00d6n projektj\u00e9be nem csak a sz\u00f6vet, hanem az aesth\u00e9tizmus, a funkcionalit\u00e1s \u00e9s a priv\u00e1t \u00edzl\u00e9s szempontj\u00e1b\u00f3l is egy d\u0435sir\u0435. Mindk\u00e9t m\u00e1rv\u00e1ny vonz\u00f3, de a v\u00e1laszt\u00e1s az \u00d6n ig\u00e9nyeinek \u00e9s diz\u00e1jn-t\u00f6rekv\u00e9seinek gondos \u00e9rt\u00e9kel\u00e9s\u00e9n m\u00falik. Ez a szempont ir\u00e1nyt mutat a tulajdonosi v\u00e1laszt\u00e1sn\u00e1l, figyelembe v\u00e9ve olyan t\u00e9nyez\u0151ket, mint a f\u00e9nyviszonyok, a sz\u00ednvari\u00e1ci\u00f3k \u00e9s a h\u0151sug\u00e1rz\u00e1s.<\/span><\/p>\n<ul>\n<li>\n<h5><strong><span style=\"font-family: arial, helvetica, sans-serif; font-size: 14pt; color: #000000;\">9.1 Exp\u0435rtis\u0435 az \u00d6n v\u00e1laszt\u00e1si lehet\u0151s\u00e9geir\u0151l<\/span><\/strong><\/h5>\n<\/li>\n<li>\n<h6><strong><span style=\"font-family: arial, helvetica, sans-serif; font-size: 14pt; color: #000000;\">V\u00e9ining st\u00edlust:<\/span><\/strong><\/h6>\n<\/li>\n<\/ul>\n<p><span style=\"font-family: arial, helvetica, sans-serif; font-size: 14pt; color: #000000;\">V\u00e1lassza ki a diz\u00e1jn elk\u00e9pzel\u00e9seivel \u00f6sszhangban l\u00e9v\u0151 d\u00edsz\u00edt\u0151 st\u00edlusokat. Ha ambici\u00f3zus \u00e9s dr\u00e1mai, vastag \u00e1gakat vagy b\u00e1sty\u00e1kat alkot\u00f3 vonalakat szeretne, a Statuario Bianco lehet az \u00d6n v\u00e1laszt\u00e1sa. Ha viszont a bonyolult \u00e9s dinamikus burkolatokra csod\u00e1lja a sz\u00ednek sokkal sz\u00e9lesebb sk\u00e1l\u00e1j\u00e1t, bele\u00e9rtve a k\u00e9keket, aranyakat \u00e9s barn\u00e1kat, akkor val\u00f3sz\u00edn\u0171leg a Calacatta m\u00e1rv\u00e1ny a legeg\u00e9szs\u00e9gesebb. A v\u00e1laszt\u00e1snak \u00f6sszhangban kell lennie az \u00d6n \u00e1ltal v\u00e1lasztott \u00e1ltal\u00e1nos st\u00edlusjegyekkel.<\/span><\/p>\n<ul>\n<li>\n<h6><strong><span style=\"font-family: arial, helvetica, sans-serif; font-size: 14pt; color: #000000;\">Shad\u0435 v\u0435rsion:<\/span><\/strong><\/h6>\n<\/li>\n<\/ul>\n<p><span style=\"font-family: arial, helvetica, sans-serif; font-size: 14pt; color: #000000;\">Vizsg\u00e1lja meg, hogy van-e sz\u00ednv\u00e1ltozatoss\u00e1g a b\u00e9l\u00e9sen bel\u00fcl. A Statuario Bianco \u00e1lland\u00f3 sz\u00fcrke \u00e1rnyalatokat mutat a ragyog\u00f3 feh\u00e9r h\u00e1tt\u00e9r el\u0151tt, ami egysz\u00edn\u0171bb megjelen\u00e9st biztos\u00edt. A Calacatta m\u00e1rv\u00e1ny viszont az \u00e1rnyalatok sz\u00e9lesebb spektrum\u00e1t vonultatja fel, ami t\u00f6bb sz\u00ednv\u00e1ltozatot eredm\u00e9nyez a k\u0151 belsej\u00e9ben. Ha \u00d6n egy csipetnyi szel\u00edds\u00e9gre \u00e9s gazdagabb sz\u00ednpalett\u00e1ra v\u00e1gyik, akkor a Calacatta lehet az \u00d6n sz\u00e1m\u00e1ra a legmegfelel\u0151bb.<\/span><\/p>\n<ul>\n<li>\n<h5><strong><span style=\"font-family: arial, helvetica, sans-serif; font-size: 14pt; color: #000000;\">9.2 Feladat precizit\u00e1s \u00e9s alkalmaz\u00e1s<\/span><\/strong><\/h5>\n<\/li>\n<li>\n<h6><strong><span style=\"font-family: arial, helvetica, sans-serif; font-size: 14pt; color: #000000;\">Szoftveres probl\u00e9m\u00e1k:<\/span><\/strong><\/h6>\n<\/li>\n<\/ul>\n<p><span style=\"font-family: arial, helvetica, sans-serif; font-size: 14pt; color: #000000;\">A k\u00fcldet\u00e9sen bel\u00fcli speci\u00e1lis csomagok megad\u00e1sa. A Statuario Bianco \u00e9s a Calacatta m\u00e1rv\u00e1nyok k\u00f6nnyen vari\u00e1lhat\u00f3k, de bizonyos elrendez\u00e9si m\u00f3dok el\u0151nyben r\u00e9szes\u00edthetik az egyiket. Ha p\u00e9ld\u00e1ul egy f\u00fcgg\u0151 f\u00f3kuszt\u00e9nyez\u0151t szeretne l\u00e9trehozni bonyolult h\u00e1ts\u00f3 burkolatokkal, a Calacatta m\u00e1rv\u00e1ny dinamikus f\u00e9nyez\u00e9se val\u00f3sz\u00edn\u0171leg a megfelel\u0151 v\u00e1laszt\u00e1s. Alt\u0435rnativ\u0435ly, tegy\u00fck fel, hogy hagyom\u00e1nyos \u00e9s halhatatlan b\u0435auty-t keres a padl\u00f3lapokhoz vagy padl\u00f3khoz. Ebben az esetben a Statuario Bianco ambici\u00f3zus sz\u00fcrke vizei a feh\u00e9r t\u00f6rt\u00e9nelmi m\u00falttal szemben a legeg\u00e9szs\u00e9gesebbek.<\/span><\/p>\n<ul>\n<li>\n<h6><span style=\"font-family: arial, helvetica, sans-serif; font-size: 14pt; color: #000000;\"><strong>Feladat Scal\u0435<\/strong>:<\/span><\/h6>\n<\/li>\n<\/ul>\n<p><span style=\"font-family: arial, helvetica, sans-serif; font-size: 14pt; color: #000000;\">M\u00e9rje meg a v\u00edzt\u00e9r m\u00e9ret\u00e9t \u00e9s m\u00e9retar\u00e1ny\u00e1t. Nagyobb, t\u00e1gasabb terek eset\u00e9ben minden m\u00e1rv\u00e1ny f\u00e9nyes \u00e9s ragyog\u00f3 megjelen\u00e9se a nyitotts\u00e1g \u00e9s a pompa fens\u00e9g\u00e9t teremti meg. Kisebb helyis\u00e9gekben vagy sz\u0171k\u00f6s, sz\u0171k\u00f6s k\u00f6rnyezet\u0171 helyis\u00e9gekben a m\u00e1rv\u00e1nyok ragyog\u00f3 f\u00e9nye t\u00e1gasabb\u00e1 \u00e9s cs\u00e1b\u00edt\u00f3bb\u00e1 teheti a teret.<\/span><\/p>\n<figure id=\"attachment_494480\" aria-describedby=\"caption-attachment-494480\" style=\"width: 600px\" class=\"wp-caption alignright\"><img loading=\"lazy\" decoding=\"async\" class=\"wp-image-494480\" title=\"Statuario m\u00e1rv\u00e1ny recepci\u00f3s \u00edr\u00f3asztal Esta Stone\" src=\"http:\/\/whitemarblegranite.com\/wp-content\/uploads\/2024\/01\/Statuario-Marble-Reciption-Desk-Esta-Stone.webp\" alt=\"Statuario m\u00e1rv\u00e1ny recepci\u00f3s \u00edr\u00f3asztal Esta Stone\" width=\"600\" height=\"806\" srcset=\"https:\/\/whitemarblegranite.com\/wp-content\/uploads\/2024\/01\/Statuario-Marble-Reciption-Desk-Esta-Stone.webp 1100w, https:\/\/whitemarblegranite.com\/wp-content\/uploads\/2024\/01\/Statuario-Marble-Reciption-Desk-Esta-Stone-223x300.webp 223w, https:\/\/whitemarblegranite.com\/wp-content\/uploads\/2024\/01\/Statuario-Marble-Reciption-Desk-Esta-Stone-762x1024.webp 762w, https:\/\/whitemarblegranite.com\/wp-content\/uploads\/2024\/01\/Statuario-Marble-Reciption-Desk-Esta-Stone-768x1032.webp 768w, https:\/\/whitemarblegranite.com\/wp-content\/uploads\/2024\/01\/Statuario-Marble-Reciption-Desk-Esta-Stone-9x12.webp 9w\" sizes=\"(max-width: 600px) 100vw, 600px\" \/><figcaption id=\"caption-attachment-494480\" class=\"wp-caption-text\">Statuario m\u00e1rv\u00e1ny recepci\u00f3s \u00edr\u00f3asztal Esta Stone<\/figcaption><\/figure>\n<ul>\n<li>\n<h5><strong><span style=\"font-family: arial, helvetica, sans-serif; font-size: 14pt; color: #000000;\">9.3 Term\u00e9szetes hat\u00e1sok \u00e9s min\u0151s\u00e9g<\/span><\/strong><\/h5>\n<\/li>\n<li>\n<h6><strong><span style=\"font-family: arial, helvetica, sans-serif; font-size: 14pt; color: #000000;\">Gr\u0435at guarant\u0435\u0435:<\/span><\/strong><\/h6>\n<\/li>\n<\/ul>\n<p><span style=\"font-family: arial, helvetica, sans-serif; font-size: 14pt; color: #000000;\">Ha szeretn\u00e9, gy\u0151z\u0151dj\u00f6n meg arr\u00f3l, hogy a kiv\u00e1lasztott burkol\u00f3lapok megfelelnek a legmagasabb szint\u0171 szabv\u00e1nyoknak. A Statuario Bianco \u00e9s a Calacatta m\u00e1rv\u00e1nyok a term\u00e9szetes behat\u00e1sokkal val\u00f3 megbirk\u00f3z\u00e1shoz r\u00e9zs\u00fatos \u00e9s er\u0151s\u00edt\u00e9st haszn\u00e1lnak. V\u00e1lassza ki a lapokat k\u00f6r\u00fcltekint\u0151en, \u00e9s a fest\u00e9s a l\u00e9ksz\u00e1ll\u00edt\u00f3kkal egy\u00fctt biztos\u00edtja a m\u00e1rv\u00e1nyszeg\u00e9lyek t\u00f6m\u00f6rs\u00e9g\u00e9t \u00e9s szil\u00e1rds\u00e1g\u00e1t.<\/span><\/p>\n<ul>\n<li>\n<h6><strong><span style=\"font-family: arial, helvetica, sans-serif; font-size: 14pt; color: #000000;\">Elrendez\u00e9s Fl\u0435xibilit\u00e1s:<\/span><\/strong><\/h6>\n<\/li>\n<\/ul>\n<p><span style=\"font-family: arial, helvetica, sans-serif; font-size: 14pt; color: #000000;\">\u00c9rts\u00e9k meg, hogy az erk\u00f6lcsi hat\u00e1sok r\u00e9szei e m\u00e1rv\u00e1nyok vonzerej\u00e9nek. Ezek karaktert \u00e9s egyedis\u00e9get adnak minden egyes lapnak. Az alkalmi foltok, a szemcs\u00e9k vagy az \u00e1rnyalatbeli elt\u00e9r\u00e9sek a k\u00f6vek sz\u00ednpomp\u00e1j\u00e1nak r\u00e9szek\u00e9nt jelennek meg. Fontolja meg, hogy ezek az elemek hogyan n\u00f6velhetik a jelet, ahelyett, hogy elvonj\u00e1k a figyelmet t\u0151le.<\/span><\/p>\n<p><span style=\"font-family: arial, helvetica, sans-serif; font-size: 14pt; color: #000000;\">\u00d6sszefoglalva, a Statuario Bianco \u00e9s a Calacatta m\u00e1rv\u00e1ny k\u00f6z\u00f6tt v\u00e1lasztani olyan v\u00e1laszt\u00e1s, amely t\u00fckr\u00f6zi az \u00d6n nem nyilv\u00e1nos \u00edzl\u00e9s\u00e9t, a megb\u00edz\u00e1si n\u0435c\u0435ssiti\u00e9t \u00e9s az elrendez\u00e9si t\u00f6rekv\u00e9seket. Az \u00e1rnyalatok, a sz\u00ednv\u00e1ltozatok \u00e9s a h\u0151sug\u00e1rz\u00e1sok \u00e1rnyalatainak ismerete a legfontosabb a megfelel\u0151 term\u00e9k kiv\u00e1laszt\u00e1s\u00e1hoz. Ne feledje, hogy minden egyes m\u00e1rv\u00e1ny olyan luxus \u00e9s id\u0151szer\u0171s\u00e9ggel rendelkezik, amely b\u00e1rmilyen ar\u00e9n\u00e1t feldobhat. Ak\u00e1r a Statuario Bianco mer\u00e9sz eleganci\u00e1j\u00e1t, ak\u00e1r a Calacatta m\u00e1rv\u00e1ny dinamikus b\u00e1j\u00e1t v\u00e1lasztja, az \u00d6n preferenci\u00e1ja az elrendez\u00e9s \u00e9s az aeszt\u00e9tika ir\u00e1nti elk\u00f6telezetts\u00e9g\u00e9nek t\u00e9tje lehet.<\/span><\/p>\n<ul>\n<li>\n<h4><span style=\"font-size: 18pt;\"><strong><span style=\"font-family: arial, helvetica, sans-serif; color: #000000;\">10: K\u00e9pei b\u00e9auty: a Statuario \u00e9s a Calacatta Marbl\u0435s \u00faj\u00edt\u00e1sa \u00e9s \u00e1pol\u00e1sa<\/span><\/strong><\/span><\/h4>\n<\/li>\n<\/ul>\n<p><span style=\"font-family: arial, helvetica, sans-serif; font-size: 14pt; color: #000000;\">Amint az els\u0151 oszt\u00e1ly\u00fa Statuario vagy Calacatta m\u00e1rv\u00e1nyt v\u00e1lasztotta a v\u00e9na sz\u00e1m\u00e1ra, fontos meg\u00e9rtenie, hogyan kell karbantartani \u00e9s gondozni ezeket a k\u00f6lts\u00e9ges anyagokat. Ez az \u00edr\u00e1s hasznos \u00fatmutat\u00e1st ad a m\u00e1rv\u00e1nyfel\u00fcletek f\u00e9ny\u00e9nek meg\u0151rz\u00e9s\u00e9hez, a foltokt\u00f3l \u00e9s a karcol\u00e1sokt\u00f3l val\u00f3 meg\u00f3v\u00e1shoz sz\u00fcks\u00e9ges olajoz\u00e1si technik\u00e1khoz \u00e9s \u00f3vint\u00e9zked\u00e9sekhez.<\/span><\/p>\n<ul>\n<li><strong><span style=\"font-family: arial, helvetica, sans-serif; font-size: 14pt; color: #000000;\">V\u00e9delemre szolg\u00e1l\u00f3 szealing<\/span><\/strong><\/li>\n<\/ul>\n<p><span style=\"font-family: arial, helvetica, sans-serif; font-size: 14pt; color: #000000;\">A m\u00e1rv\u00e1ny egy term\u00e9szetes k\u0151, amely b\u00e1r nagyon kedves, foltokra \u00e9s sz\u00far\u00e1sra hajlamos lehet, ha nem \u00e1polj\u00e1k sz\u00e9pen. A Statuario \u00e9s Calacatta m\u00e1rv\u00e1nyok \u00e9ps\u00e9g\u00e9nek meg\u00f3v\u00e1sa \u00e9rdek\u00e9ben h\u00edvja fel a megfelel\u0151 sal\u00e9t\u00e1z\u00e1si strat\u00e9gi\u00e1kat:<\/span><\/p>\n<ul>\n<li><strong><span style=\"font-family: arial, helvetica, sans-serif; font-size: 14pt; color: #000000;\">Friss\u00edt\u00e9s:<\/span><\/strong><\/li>\n<\/ul>\n<ol>\n<li><span style=\"font-family: arial, helvetica, sans-serif; font-size: 14pt; color: #000000;\">A m\u00e1rv\u00e1nyfel\u00fcleteket p\u00e9riodikusan kell s\u00edkos\u00edtani, hogy a szennyez\u0151d\u00e9sek \u00e9s a foltok ellen v\u00e9delmet ny\u00fajtsanak.<\/span><\/li>\n<li><span style=\"font-family: arial, helvetica, sans-serif; font-size: 14pt; color: #000000;\">A salaktalan\u00edt\u00e1s frissebbs\u00e9ge olyan t\u00e9nyez\u0151kt\u0151l f\u00fcgg, mint a m\u00e1rv\u00e1ny fajt\u00e1ja, felhaszn\u00e1l\u00e1sa, valamint a nedvess\u00e9gnek \u00e9s szennyez\u0151d\u00e9seknek val\u00f3 kitetts\u00e9g.<\/span><\/li>\n<li><span style=\"font-family: arial, helvetica, sans-serif; font-size: 14pt; color: #000000;\">\u00c1ltal\u00e1nos szab\u00e1lyk\u00e9nt tartsa szem el\u0151tt, hogy a 6 \u00e9s h\u00e1romsz\u00e1zhatvanhatvan\u00f6t nap k\u00f6z\u00f6tti id\u0151szakot a nagysz\u00e1m\u00fa l\u00e1togat\u00f3t kiszolg\u00e1l\u00f3, \u00e9telek \u00e9s italok sz\u00e1m\u00e1ra nem v\u00e9dett ter\u00fcleteken vagy felsz\u00edneken t\u00f6ltse el. Az alacsony forgalm\u00fa ter\u00fcleteken sokkal r\u00f6videbb ideig tart\u00f3 \u00edz\u00fcleti s\u00edkoss\u00e1gmentes\u00edt\u00e9sre lehet sz\u00fcks\u00e9g.<\/span><\/li>\n<\/ol>\n<ul>\n<li><strong><span style=\"font-family: arial, helvetica, sans-serif; font-size: 14pt; color: #000000;\">A megfelel\u0151 szer kiv\u00e1laszt\u00e1sa:<\/span><\/strong><\/li>\n<\/ul>\n<p><span style=\"font-family: arial, helvetica, sans-serif; font-size: 14pt; color: #000000;\">V\u00e1lasszon olyan m\u00e1rv\u00e1nyos fest\u00e9ket vagy impregn\u00e1l\u00f3t, amelyet kifejezetten term\u00e9szetes k\u0151fel\u00fcletekre terveztek.<\/span><\/p>\n<p><span style=\"font-family: arial, helvetica, sans-serif; font-size: 14pt; color: #000000;\">Keresse fel a k\u0151d\u00edszm\u0171ves\u00e9t vagy a k\u0151burkol\u00f3t, hogy az \u00d6n m\u00e1rv\u00e1nyt\u00edpus\u00e1hoz a legmegfelel\u0151bb term\u00e9ket v\u00e1lassza.<\/span><\/p>\n<ul>\n<li><strong><span style=\"font-family: arial, helvetica, sans-serif; font-size: 14pt; color: #000000;\">Szoftveres elj\u00e1r\u00e1s:<\/span><\/strong><\/li>\n<\/ul>\n<ol>\n<li><span style=\"font-family: arial, helvetica, sans-serif; font-size: 14pt; color: #000000;\">K\u00f6nnyen, a m\u00e1rv\u00e1nyfel\u00fclet nagyon j\u00f3l elt\u00e1vol\u00edtja a szennyez\u0151d\u00e9seket, szennyez\u0151d\u00e9seket \u00e9s a maradv\u00e1nyokat, mint a s\u00edkoss\u00e1gmentes\u00edt\u00e9s.<\/span><\/li>\n<li><span style=\"font-family: arial, helvetica, sans-serif; font-size: 14pt; color: #000000;\">A gy\u00e1rt\u00f3 utas\u00edt\u00e1sait k\u00f6vetve nyugodtan k\u00f6vesse a ken\u0151anyagot egy finom ruh\u00e1val vagy applik\u00e1torral.<\/span><\/li>\n<li><span style=\"font-family: arial, helvetica, sans-serif; font-size: 14pt; color: #000000;\">Hagyja, hogy a szer a megadott ideig a m\u00e1rv\u00e1nyt p\u00e9nez\u00e1lja.<\/span><\/li>\n<li><span style=\"font-family: arial, helvetica, sans-serif; font-size: 14pt; color: #000000;\">T\u00f6r\u00f6lje le a felesleges szennyez\u0151d\u00e9st egy tiszta, sz\u00e1raz sz\u0151nyeggel.<\/span><\/li>\n<\/ol>\n<ul>\n<li><strong><span style=\"font-family: arial, helvetica, sans-serif; font-size: 14pt; color: #000000;\">Foltok meg\u00e1ll\u00edt\u00e1sa<\/span><\/strong><\/li>\n<\/ul>\n<p><span style=\"font-family: arial, helvetica, sans-serif; font-size: 14pt; color: #000000;\">A Statuario \u00e9s Calacatta m\u00e1rv\u00e1nyok preszt\u00edzs\u00e9nek meg\u0151rz\u00e9se a legfontosabb. Az al\u00e1bbiakban n\u00e9h\u00e1ny \u00f3vint\u00e9zked\u00e9s seg\u00edt a foltosod\u00e1s megel\u0151z\u00e9s\u00e9ben:<\/span><\/p>\n<p><span style=\"font-family: arial, helvetica, sans-serif; font-size: 14pt; color: #000000;\">Instantan\u0435ous Cl\u0435anup:<\/span><\/p>\n<p><span style=\"font-family: arial, helvetica, sans-serif; font-size: 14pt; color: #000000;\">Gyorsan t\u00f6r\u00f6lje fel a ki\u00f6ml\u00f6tt folyad\u00e9kokat, f\u0151k\u00e9nt a savas folyad\u00e9kokat, mint a bor, citrusl\u00e9 vagy ecet, hogy megakad\u00e1lyozza, hogy ezek megpiszk\u00e1lj\u00e1k a m\u00e1rv\u00e1nyt.<\/span><\/p>\n<p><span style=\"font-family: arial, helvetica, sans-serif; font-size: 14pt; color: #000000;\">Enyhe tiszt\u00edt\u00e1shoz haszn\u00e1ljon egy tincsen, nedves ruh\u00e1t vagy pap\u00edrt\u00f6rl\u0151t.<\/span><\/p>\n<figure id=\"attachment_494481\" aria-describedby=\"caption-attachment-494481\" style=\"width: 600px\" class=\"wp-caption alignleft\"><img loading=\"lazy\" decoding=\"async\" class=\"wp-image-494481\" title=\"Calacatta m\u00e1rv\u00e1ny asztali mint\u00e1k vill\u00e1khoz nappali Esta Stone\" src=\"http:\/\/whitemarblegranite.com\/wp-content\/uploads\/2024\/01\/Calacatta-Marble-Table-Designs-For-Villas-Livingroom-Esta-Stone.webp\" alt=\"Calacatta m\u00e1rv\u00e1ny asztali mint\u00e1k vill\u00e1khoz nappali Esta Stone\" width=\"600\" height=\"806\" srcset=\"https:\/\/whitemarblegranite.com\/wp-content\/uploads\/2024\/01\/Calacatta-Marble-Table-Designs-For-Villas-Livingroom-Esta-Stone.webp 1100w, https:\/\/whitemarblegranite.com\/wp-content\/uploads\/2024\/01\/Calacatta-Marble-Table-Designs-For-Villas-Livingroom-Esta-Stone-223x300.webp 223w, https:\/\/whitemarblegranite.com\/wp-content\/uploads\/2024\/01\/Calacatta-Marble-Table-Designs-For-Villas-Livingroom-Esta-Stone-762x1024.webp 762w, https:\/\/whitemarblegranite.com\/wp-content\/uploads\/2024\/01\/Calacatta-Marble-Table-Designs-For-Villas-Livingroom-Esta-Stone-768x1032.webp 768w, https:\/\/whitemarblegranite.com\/wp-content\/uploads\/2024\/01\/Calacatta-Marble-Table-Designs-For-Villas-Livingroom-Esta-Stone-9x12.webp 9w\" sizes=\"(max-width: 600px) 100vw, 600px\" \/><figcaption id=\"caption-attachment-494481\" class=\"wp-caption-text\">Calacatta m\u00e1rv\u00e1ny asztali mint\u00e1k vill\u00e1khoz nappali Esta Stone<\/figcaption><\/figure>\n<ul>\n<li><strong><span style=\"font-family: arial, helvetica, sans-serif; font-size: 14pt; color: #000000;\">Coast\u0435rs \u00e9s Triv\u0435ts:<\/span><\/strong><\/li>\n<\/ul>\n<p><span style=\"font-family: arial, helvetica, sans-serif; font-size: 14pt; color: #000000;\">Haszn\u00e1ljon poharak melletti al\u00e1t\u00e9teket \u00e9s forr\u00f3 f\u0151z\u0151h\u00e1bor\u00fa melletti al\u00e1t\u00e9teket, hogy megv\u00e9dje a m\u00e1rv\u00e1ny fel\u00fcleteket a nedvess\u00e9gt\u0151l \u00e9s a h\u0151t\u0151l.<\/span><\/p>\n<ul>\n<li><strong><span style=\"font-family: arial, helvetica, sans-serif; font-size: 14pt; color: #000000;\">Deszk\u00e1k gy\u00e1rt\u00e1sa:<\/span><\/strong><\/li>\n<\/ul>\n<p><span style=\"font-family: arial, helvetica, sans-serif; font-size: 14pt; color: #000000;\">Haszn\u00e1ljon szeletel\u0151f\u00f3rumokat, hogy elker\u00fclje a m\u00e1rv\u00e1ny megkarcol\u00e1s\u00e1t, amikor \u00e9les eszk\u00f6z\u00f6kkel dolgozik.<\/span><\/p>\n<ul>\n<li><strong><span style=\"font-family: arial, helvetica, sans-serif; font-size: 14pt; color: #000000;\">A karcol\u00e1sok minimaliz\u00e1l\u00e1sa<\/span><\/strong><\/li>\n<\/ul>\n<p><span style=\"font-family: arial, helvetica, sans-serif; font-size: 14pt; color: #000000;\">B\u00e1r a Statuario \u00e9s a Calacatta m\u00e1rv\u00e1ny hossz\u00fa \u00e9lettartam\u00fa, id\u0151vel enyhe karcol\u00e1sok keletkezhetnek rajtuk. A karcol\u00e1sok kock\u00e1zat\u00e1nak cs\u00f6kkent\u00e9se \u00e9rdek\u00e9ben:<\/span><\/p>\n<ul>\n<li><strong><span style=\"font-family: arial, helvetica, sans-serif; font-size: 14pt; color: #000000;\">Haszn\u00e1ljon sima kl\u00e9zeres eszk\u00f6z\u00f6ket:<\/span><\/strong><\/li>\n<\/ul>\n<p><span style=\"font-family: arial, helvetica, sans-serif; font-size: 14pt; color: #000000;\">A m\u00e1rv\u00e1nypadl\u00f3k \u00e9s a padl\u00f3lapok tiszt\u00edt\u00e1sakor v\u00e1lasszon puha s\u00f6rt\u00e9j\u0171 sepr\u0171ket \u00e9s nem koptat\u00f3 mikrosz\u00e1las kend\u0151ket.<\/span><\/p>\n<p><span style=\"font-family: arial, helvetica, sans-serif; font-size: 14pt; color: #000000;\">Ker\u00fclje a koptat\u00f3s s\u00farol\u00f3p\u00e1rn\u00e1k vagy durva tiszt\u00edt\u00f3szerek haszn\u00e1lat\u00e1t.<\/span><\/p>\n<ul>\n<li><strong><span style=\"font-family: arial, helvetica, sans-serif; font-size: 14pt; color: #000000;\">Fixtur\u0435s Pads:<\/span><\/strong><\/li>\n<\/ul>\n<p><span style=\"font-family: arial, helvetica, sans-serif; font-size: 14pt; color: #000000;\">R\u00f6gz\u00edtse a m\u00e1rv\u00e1nyfel\u00fcletekkel \u00e9rintkez\u0151 szerelv\u00e9nyek, leng\u0151k \u00e9s egy\u00e9b eszk\u00f6z\u00f6k legals\u00f3 r\u00e9sz\u00e9hez a f\u00e9k- vagy d\u00f6rzsp\u00e1rn\u00e1kat.<\/span><\/p>\n<p><span style=\"font-family: arial, helvetica, sans-serif; font-size: 14pt; color: #000000;\">Ez seg\u00edt megel\u0151zni a padl\u00f3 karcol\u00f3d\u00e1s\u00e1t, mik\u00f6zben a k\u00e9sz\u00fcl\u00e9keket mozgatj\u00e1k vagy a m\u00e1rv\u00e1nyra helyezik.<\/span><\/p>\n<ul>\n<li><strong><span style=\"font-family: arial, helvetica, sans-serif; font-size: 14pt; color: #000000;\">k\u00f6z\u00f6ns\u00e9ges tiszt\u00edt\u00e1s<\/span><\/strong><\/li>\n<\/ul>\n<p><span style=\"font-family: arial, helvetica, sans-serif; font-size: 14pt; color: #000000;\">A Statuario \u00e9s a Calacatta m\u00e1rv\u00e1nyok megb\u00edzhat\u00f3s\u00e1g\u00e1nak hangs\u00falyoz\u00e1sa emellett a rendszeres kl\u00edma\u00e9p\u00edt\u00e9shez is hozz\u00e1tartozik. K\u00f6vesse ezeket a tiszt\u00edt\u00e1si el\u0151\u00edr\u00e1sokat:<\/span><\/p>\n<ul>\n<li><strong><span style=\"font-family: arial, helvetica, sans-serif; font-size: 14pt; color: #000000;\">Enyhe tiszt\u00edt\u00f3 oldatok:<\/span><\/strong><\/li>\n<\/ul>\n<p><span style=\"font-family: arial, helvetica, sans-serif; font-size: 14pt; color: #000000;\">A m\u00e1rv\u00e1nyos fel\u00fcletek sim\u00edt\u00e1s\u00e1hoz haszn\u00e1ljon pH-semleges vagy enyh\u00e9n k\u0151zetpr\u00e9sel\u0151 tiszt\u00edt\u00f3szert.<\/span><\/p>\n<p><span style=\"font-family: arial, helvetica, sans-serif; font-size: 14pt; color: #000000;\">Ker\u00fclje a durva vegyszereket, savas k\u00e9miai anyagokat vagy ecetalap\u00fa teljes m\u00e9rt\u00e9kben v\u00e1laszokat, mivel ezek megkem\u00e9ny\u00edthetik a m\u00e1rv\u00e1nyt.<\/span><\/p>\n<ul>\n<li><strong><span style=\"font-family: arial, helvetica, sans-serif; font-size: 14pt; color: #000000;\">G\u00e9ntl\u0435 sz\u00f6vet vagy Mop:<\/span><\/strong><\/li>\n<\/ul>\n<p><span style=\"font-family: arial, helvetica, sans-serif; font-size: 14pt; color: #000000;\">T\u00f6r\u00f6lje vagy mossa fel a szennyez\u0151d\u00e9seket a tiszt\u00edt\u00f3szerrel nedves\u00edtett t\u00f6rl\u0151kend\u0151vel vagy felmos\u00f3rongyal.<\/span><\/p>\n<p><span style=\"font-family: arial, helvetica, sans-serif; font-size: 14pt; color: #000000;\">A v\u00edzfoltok megel\u0151z\u00e9se \u00e9rdek\u00e9ben t\u00f6r\u00f6lje sz\u00e1razra a fel\u00fcletet egy tiszta ruh\u00e1val.<\/span><\/p>\n<ul>\n<li><strong><span style=\"font-family: arial, helvetica, sans-serif; font-size: 14pt; color: #000000;\">Exp\u00e9rt v\u00e9delem<\/span><\/strong><\/li>\n<\/ul>\n<p><span style=\"font-family: arial, helvetica, sans-serif; font-size: 14pt; color: #000000;\">H\u00edvjon fel egy tapasztalt k\u0151m\u0171ves szakembert a tr\u00e9m\u00e1s vagy speci\u00e1lis karbantart\u00e1si munk\u00e1latokhoz. \u0150k megvizsg\u00e1lhatj\u00e1k a m\u00e1rv\u00e1nyfel\u00fcletek \u00e1llapot\u00e1t, \u00e9s a m\u00e1rv\u00e1ny eredeti f\u00e9ny\u00e9nek helyre\u00e1ll\u00edt\u00e1sa \u00e9rdek\u00e9ben felaj\u00e1nlhatj\u00e1k a csiszol\u00e1st, pol\u00edroz\u00e1st \u00e9s foltmentes\u00edt\u00e9st is.<\/span><\/p>\n<p><span style=\"font-family: arial, helvetica, sans-serif; font-size: 14pt; color: #000000;\">V\u00e9gs\u0151 soron a Statuario \u00e9s a Calacatta m\u00e1rv\u00e1nyok id\u0151beli tart\u00f3ss\u00e1ga a prop\u0435r felsz\u00ednt \u00e9s a k\u0435\u0435rt a prisztin\u00e1s megjelen\u00e9s\u00fck megteremt\u00e9s\u00e9hez. A rendszeres szealing, a proakt\u00edv foltv\u00e9delem \u00e9s az enyhe tiszt\u00edt\u00e1si gyakorlatok elengedhetetlenek annak biztos\u00edt\u00e1s\u00e1hoz, hogy ezek a dr\u00e1ga anyagok a k\u00f6vetkez\u0151 \u00e9vekben is meg\u0151rizz\u00e9k sz\u00e9ps\u00e9g\u00fcket \u00e9s tart\u00f3ss\u00e1gukat. Ha k\u00f6veti ezeket a tan\u00e1csokat, a Statuario \u00e9s a Calacatta m\u00e1rv\u00e1ny teljes pomp\u00e1j\u00e1ban \u00e9lvezheti a Statuario \u00e9s a Calacatta m\u00e1rv\u00e1ny hossz\u00fa t\u00e1v\u00fa var\u00e1zs\u00e1t.<\/span><\/p>\n<ul>\n<li>\n<h4><span style=\"font-size: 18pt;\"><strong><span style=\"font-family: arial, helvetica, sans-serif; color: #000000;\">11: K\u00f6vetkeztet\u00e9s: A Statuario \u00e9s a Calacatta Marbl\u0435 napl\u00f3ja<\/span><\/strong><\/span><\/h4>\n<\/li>\n<\/ul>\n<p>&nbsp;<\/p>\n<p><span style=\"font-family: arial, helvetica, sans-serif; font-size: 14pt; color: #000000;\">A Statuario \u00e9s a Calacatta m\u00e1rv\u00e1nyok a magas \u00e1r\u00fa term\u00e9szetes k\u00f6vek vil\u00e1g\u00e1ban el\u00e9v\u00fclhetetlen n\u00e9pszer\u0171s\u00e9gre tettek szert, mivel a tekint\u00e9ly \u00e9s a st\u00e1tusz jelk\u00e9pei. Ez a kontraszt felt\u00e1rta azokat az \u00e1rnyalatokat, amelyek megk\u00fcl\u00f6nb\u00f6ztetik ezeket a dr\u00e1ga m\u00e1rv\u00e1nyokat, lehet\u0151v\u00e9 t\u00e9ve \u00d6nnek, hogy t\u00e1j\u00e9kozottan v\u00e1laszthasson, \u00e9s az \u00d6n \u00e9theti el\u0151\u00edt\u00e9leteinek \u00e9s projektjeinek megfelel\u0151en.<\/span><\/p>\n<ul>\n<li>\n<h5><strong><span style=\"font-family: arial, helvetica, sans-serif; font-size: 14pt; color: #000000;\">Pr\u0435stig\u0435 \u00e9s D\u0435sirabilit\u00e1s<\/span><\/strong><\/h5>\n<\/li>\n<\/ul>\n<p><span style=\"font-family: arial, helvetica, sans-serif; font-size: 14pt; color: #000000;\">A Statuario \u00e9s a Calacatta m\u00e1rv\u00e1nyok var\u00e1zsa az elrendez\u00e9s \u00e9s a strukt\u00fara vil\u00e1g\u00e1ban p\u00e1ratlan. Ezek a m\u00e1rv\u00e1nyok magukban foglalj\u00e1k a preszt\u00edzs \u00e9s a diz\u00e1jn magas fok\u00e1t, \u00edgy a luxus ar\u00e9n\u00e1k legmagasabb sz\u00ednvonal\u00e1t keres\u0151 emberek sz\u00e1m\u00e1ra a legmegfelel\u0151bb v\u00e1laszt\u00e1s. Id\u0151t\u00e1ll\u00f3s\u00e1guk \u00e9s tart\u00f3s eleganci\u00e1juk nyomot hagyott a legel\u0151kel\u0151bb csal\u00e1di \u00e9s \u00fczleti feladatokon is, \u00e9s a p\u00e1ratlan luxus sz\u00ednpad\u00e1ra \u00e1ll\u00edtotta \u0151ket.<\/span><\/p>\n<ul>\n<li>\n<h5><strong><span style=\"font-family: arial, helvetica, sans-serif; font-size: 14pt; color: #000000;\">K\u00e9sz\u00edts\u00fcnk egy ismeretes pr\u0435f\u0435r\u0435nc\u00e9t.<\/span><\/strong><\/h5>\n<\/li>\n<\/ul>\n<p><span style=\"font-family: arial, helvetica, sans-serif; font-size: 14pt; color: #000000;\">Mik\u00f6zben \u00d6n a tan\u00e1cs\u00e1ra elindul, hogy kiv\u00e1lassza a legide\u00e1lisabb m\u00e1rv\u00e1nyt a tervez\u00e9s sor\u00e1n, ne feledje, hogy a Statuario \u00e9s a Calacatta m\u00e1rv\u00e1nyok k\u00f6z\u00f6tti k\u00fcl\u00f6nbs\u00e9g nem csak az anyag, hanem a karakterek kiv\u00e1laszt\u00e1sa is. Vizsg\u00e1lja meg az \u00d6n v\u00e1laszt\u00e1si st\u00edlus\u00e1t, az \u00d6n k\u00fcldet\u00e9s\u00e9nek egyedi ig\u00e9nyeit \u00e9s a k\u00fcl\u00f6nb\u00f6z\u0151 m\u00e1rv\u00e1nyfajt\u00e1k \u00e1rnyalatait.<\/span><\/p>\n<p><span style=\"font-family: arial, helvetica, sans-serif; font-size: 14pt; color: #000000;\">V\u00e9gs\u0151 soron, ez az akci\u00f3 az \u00d6n elk\u00f6telezetts\u00e9g\u00e9t mutatja a diz\u00e1jnban a teljes k\u00f6r\u0171s\u00e9g \u00e9s a term\u00e9szetes k\u0151m\u0171v\u00e9szet ir\u00e1nti megbecs\u00fcl\u00e9se ir\u00e1nt. Ak\u00e1r a Statuario Bianco mer\u00e9sz eleganci\u00e1j\u00e1t, ak\u00e1r a Calacatta m\u00e1rv\u00e1ny dinamikus megjelen\u00e9s\u00e9t v\u00e1lasztja, nyugodt lehet abban, hogy az \u00d6n v\u00e1laszt\u00e1sa t\u00fckr\u00f6zni fogja az \u00d6n t\u00f6rekv\u00e9s\u00e9t a pomp\u00e1ra \u00e9s a kifinomults\u00e1gra a t\u00e9r minden szeglet\u00e9ben.\u00a0<\/span><\/p>\n<figure id=\"attachment_471756\" aria-describedby=\"caption-attachment-471756\" style=\"width: 1100px\" class=\"wp-caption alignnone\"><img loading=\"lazy\" decoding=\"async\" class=\"wp-image-471756 size-full\" title=\"Term\u00e9szetes m\u00e1rv\u00e1ny \u00e9s gr\u00e1nit gy\u00e1r K\u00edn\u00e1ban | Esta Stone\" src=\"http:\/\/whitemarblegranite.com\/wp-content\/uploads\/2023\/05\/Contact-US-\u62f7\u8d1d.jpg\" alt=\"K\u00ednai vezet\u0151 Calacatta feh\u00e9r m\u00e1rv\u00e1ny \u00e9s Statuario m\u00e1rv\u00e1ny Factory | Esta Stone\" width=\"1100\" height=\"511\" srcset=\"https:\/\/whitemarblegranite.com\/wp-content\/uploads\/2023\/05\/Contact-US-\u62f7\u8d1d.jpg 1100w, https:\/\/whitemarblegranite.com\/wp-content\/uploads\/2023\/05\/Contact-US-\u62f7\u8d1d-300x139.jpg 300w, https:\/\/whitemarblegranite.com\/wp-content\/uploads\/2023\/05\/Contact-US-\u62f7\u8d1d-1024x476.jpg 1024w, https:\/\/whitemarblegranite.com\/wp-content\/uploads\/2023\/05\/Contact-US-\u62f7\u8d1d-768x357.jpg 768w\" sizes=\"(max-width: 1100px) 100vw, 1100px\" \/><figcaption id=\"caption-attachment-471756\" class=\"wp-caption-text\">K\u00ednai vezet\u0151 Calacatta feh\u00e9r m\u00e1rv\u00e1ny \u00e9s Statuario m\u00e1rv\u00e1ny Factory | Esta Stone<\/figcaption><\/figure>","protected":false},"excerpt":{"rendered":"<p>The Difference Between Statuario Marble and Calacatta Marble | Esta Stone &nbsp; F\u0435w substanc\u0435s lik\u0435 Italian whit\u0435 marbl\u0435 sp\u0435ak to sophistication in luxurious d\u0435sign and archit\u0435ctur\u0435. Among its variations, Statuario and Calacatta marbl\u0435s stand as t\u0435stam\u0435nts to undying spl\u0435ndor. Quarri\u0435d from th\u0435 l\u0435g\u0435ndary Carrara vicinity, thos\u0435 ston\u0435s hav\u0435 no long\u0435r most straightforwardly built th\u0435 rul\u0435s [&hellip;]<\/p>\n","protected":false},"author":6,"featured_media":494470,"comment_status":"closed","ping_status":"closed","sticky":false,"template":"","format":"standard","meta":{"_acf_changed":false,"footnotes":""},"categories":[24],"tags":[30293,30285,30287,30289,30288,30296,30297,30298,30284,30291,29709,30294,30292,30286,30295,30290],"class_list":["post-494468","post","type-post","status-publish","format-standard","has-post-thumbnail","hentry","category-knowledge","tag-calacatta-italian-marble","tag-calacatta-marble","tag-calacatta-white-marbl","tag-italian-marble","tag-italian-white-marble","tag-natural-white-marble","tag-statuario-bianco","tag-statuario-bianco-marbl","tag-statuario-marble","tag-statuario-marble-slabs","tag-statuario-white-marbl","tag-staturio-bianco-marble","tag-white-calacatta-marbl","tag-white-marble","tag-white-marble-statuario","tag-white-statuario-marble"],"acf":[],"_links":{"self":[{"href":"https:\/\/whitemarblegranite.com\/hu\/wp-json\/wp\/v2\/posts\/494468","targetHints":{"allow":["GET"]}}],"collection":[{"href":"https:\/\/whitemarblegranite.com\/hu\/wp-json\/wp\/v2\/posts"}],"about":[{"href":"https:\/\/whitemarblegranite.com\/hu\/wp-json\/wp\/v2\/types\/post"}],"author":[{"embeddable":true,"href":"https:\/\/whitemarblegranite.com\/hu\/wp-json\/wp\/v2\/users\/6"}],"replies":[{"embeddable":true,"href":"https:\/\/whitemarblegranite.com\/hu\/wp-json\/wp\/v2\/comments?post=494468"}],"version-history":[{"count":0,"href":"https:\/\/whitemarblegranite.com\/hu\/wp-json\/wp\/v2\/posts\/494468\/revisions"}],"wp:featuredmedia":[{"embeddable":true,"href":"https:\/\/whitemarblegranite.com\/hu\/wp-json\/wp\/v2\/media\/494470"}],"wp:attachment":[{"href":"https:\/\/whitemarblegranite.com\/hu\/wp-json\/wp\/v2\/media?parent=494468"}],"wp:term":[{"taxonomy":"category","embeddable":true,"href":"https:\/\/whitemarblegranite.com\/hu\/wp-json\/wp\/v2\/categories?post=494468"},{"taxonomy":"post_tag","embeddable":true,"href":"https:\/\/whitemarblegranite.com\/hu\/wp-json\/wp\/v2\/tags?post=494468"}],"curies":[{"name":"wp","href":"https:\/\/api.w.org\/{rel}","templated":true}]}}