{"id":496484,"date":"2025-08-05T14:34:09","date_gmt":"2025-08-05T06:34:09","guid":{"rendered":"https:\/\/whitemarblegranite.com\/?p=496484"},"modified":"2025-08-05T14:37:22","modified_gmt":"2025-08-05T06:37:22","slug":"top-10-marble-stone-applications-in-modern-architecture","status":"publish","type":"post","link":"https:\/\/whitemarblegranite.com\/hu\/top-10-marble-stone-applications-in-modern-architecture\/","title":{"rendered":"Top 10 Marble Stone Applications in Modern Architecture"},"content":{"rendered":"<p data-start=\"248\" data-end=\"543\">A mai \u00e9p\u00edt\u00e9szeti palett\u00e1n, <strong data-start=\"284\" data-end=\"300\">a m\u00e1rv\u00e1ny<\/strong> m\u00e1r nemcsak egy luxusszimb\u00f3lum \u2014 hanem egy dinamikus \u00e9p\u00edt\u0151anyag, amely \u00f6tv\u00f6zi az id\u0151tlen sz\u00e9ps\u00e9get a legmodernebb funkcionalit\u00e1ssal. Jelenl\u00e9te a modern tervez\u00e9sben nem v\u00e9letlen; sz\u00e1nd\u00e9kos, kisz\u00e1m\u00edtott \u00e9s \u00e9vsz\u00e1zados bizalomra \u00e9p\u00fcl.<\/p>\n<p data-start=\"545\" data-end=\"773\">Ez a cikk felt\u00e1rja a <strong data-start=\"571\" data-end=\"628\">f\u0151bb 10 m\u00f3dj\u00e1t, ahogy az \u00e9p\u00edt\u00e9szek \u00e9s tervez\u0151k haszn\u00e1lj\u00e1k a m\u00e1rv\u00e1nyt<\/strong> lak\u00f3-, kereskedelmi \u00e9s int\u00e9zm\u00e9nyi terekben \u2014 szak\u00e9rt\u0151i betekint\u00e9sekkel \u00e9s val\u00f3s p\u00e9ld\u00e1kkal, amelyek bemutatj\u00e1k az anyag tart\u00f3s \u00e9rt\u00e9k\u00e9t.<\/p>\n<figure id=\"attachment_496487\" aria-describedby=\"caption-attachment-496487\" style=\"width: 850px\" class=\"wp-caption alignnone\"><img fetchpriority=\"high\" decoding=\"async\" class=\"wp-image-496487 size-full\" title=\"m\u00e1rv\u00e1nybesz\u00e1ll\u00edt\u00f3\" src=\"https:\/\/whitemarblegranite.com\/wp-content\/uploads\/2025\/08\/25.png\" alt=\"m\u00e1rv\u00e1nybesz\u00e1ll\u00edt\u00f3\" width=\"850\" height=\"500\" srcset=\"https:\/\/whitemarblegranite.com\/wp-content\/uploads\/2025\/08\/25.png 850w, https:\/\/whitemarblegranite.com\/wp-content\/uploads\/2025\/08\/25-300x176.png 300w, https:\/\/whitemarblegranite.com\/wp-content\/uploads\/2025\/08\/25-768x452.png 768w, https:\/\/whitemarblegranite.com\/wp-content\/uploads\/2025\/08\/25-18x12.png 18w\" sizes=\"(max-width: 850px) 100vw, 850px\" \/><figcaption id=\"caption-attachment-496487\" class=\"wp-caption-text\"><em>m\u00e1rv\u00e1nybesz\u00e1ll\u00edt\u00f3<\/em><\/figcaption><\/figure>\n<h2 data-start=\"780\" data-end=\"833\"><span style=\"font-size: 14pt;\">1. <strong data-start=\"786\" data-end=\"833\">M\u00e1rv\u00e1nyburkolatok luxusvill\u00e1kban \u00e9s sz\u00e1llod\u00e1kban<\/strong><\/span><\/h2>\n<p data-start=\"835\" data-end=\"1019\">P\u00e1rizs butiksz\u00e1llod\u00e1it\u00f3l Dubaj nagy h\u00e1zaiig, <strong data-start=\"890\" data-end=\"909\">m\u00e1rv\u00e1nyburkolatok<\/strong> az elegancia v\u00e9djegye. H\u0171v\u00f6s \u00e9rint\u00e9se, term\u00e9szetes mint\u00e1i \u00e9s t\u00fckr\u00f6z\u0151d\u0151 fel\u00fclete azonnal feldobja a teret.<\/p>\n<p data-start=\"1021\" data-end=\"1318\">A modern tervez\u0151k nagym\u00e9ret\u0171 lapokat v\u00e1lasztanak (pl. 900x1800 mm) feh\u00e9r, sz\u00fcrke vagy b\u00e9zs \u00e1rnyalatokban, gyakran padl\u00f3f\u0171t\u00e9ssel. <strong data-start=\"1154\" data-end=\"1172\">Calacatta arany<\/strong>, meleg aranyereivel k\u00fcl\u00f6n\u00f6sen kedvelt a vend\u00e9gl\u00e1t\u00f3ipari lobbikban, m\u00edg <strong data-start=\"1254\" data-end=\"1269\">Pietra Grey<\/strong> a lak\u00f3tereknek kort\u00e1rs hat\u00e1st k\u00f6lcs\u00f6n\u00f6z.<\/p>\n<blockquote data-start=\"1320\" data-end=\"1547\">\n<p data-start=\"1322\" data-end=\"1547\">\ud83e\udde0 <em data-start=\"1325\" data-end=\"1338\">Szak\u00e9rt\u0151i v\u00e9lem\u00e9ny<\/em>: \u201cA m\u00e1rv\u00e1nyburkolat tov\u00e1bbra is a tervez\u0151k \u00e1lma a tapinthat\u00f3 \u00e9rz\u00e9s \u00e9s a f\u00e9nyvisszaver\u0151 tulajdons\u00e1gai miatt. Alkalmas mind a klasszikus, mind a minimalista st\u00edlusokhoz.\u201d \u2014 <em data-start=\"1501\" data-end=\"1547\">Lucia Bianchi, mil\u00e1n\u00f3i bels\u0151\u00e9p\u00edt\u00e9sz<\/em><\/p>\n<\/blockquote>\n<h3 data-start=\"1554\" data-end=\"1616\">2. <strong data-start=\"1560\" data-end=\"1616\">Kiemelt falak a nappalikban \u00e9s a c\u00e9ges lobbikban<\/strong><\/h3>\n<p data-start=\"1618\" data-end=\"1649\">M\u00e1rv\u00e1ny mint fal-m\u0171v\u00e9szet? Teljesen.<\/p>\n<p data-start=\"1651\" data-end=\"1852\">Az \u00e9p\u00edt\u00e9szek ma m\u00e1r teljes lapokat vagy bookmatched m\u00e1rv\u00e1nyt helyeznek el a kanap\u00e9k m\u00f6g\u00f6tt, m\u00e9diafalakon vagy recepci\u00f3ter\u00fcleteken. Ezek <strong data-start=\"1773\" data-end=\"1790\">kiemelt falak<\/strong> architektur\u00e1lis kapocsk\u00e9nt m\u0171k\u00f6dnek, amelyek \u00f6sszefogj\u00e1k a teret.<\/p>\n<p data-start=\"1854\" data-end=\"2087\">N\u00e9pszer\u0171 trend a kombin\u00e1l\u00e1s <strong data-start=\"1883\" data-end=\"1899\">a m\u00e1rv\u00e1ny<\/strong> LED-szalagvil\u00e1g\u00edt\u00e1ssal \u00e9s f\u00e9mkeretekkel \u2014 eredm\u00e9ny: modern, eleg\u00e1ns \u00e9s dr\u00e1mai diz\u00e1jn. <strong data-start=\"2002\" data-end=\"2016\">Arabescato<\/strong> \u00e9s <strong data-start=\"2021\" data-end=\"2034\">Blue Roma<\/strong> gyakori v\u00e1laszt\u00e1s er\u0151s vizu\u00e1lis mozg\u00e1suk miatt.<\/p>\n<blockquote data-start=\"2089\" data-end=\"2188\">\n<p data-start=\"2091\" data-end=\"2188\">\u2705 <em data-start=\"2093\" data-end=\"2102\">Profi tipp<\/em>: Haszn\u00e1ljon sz\u00e1raz lerak\u00e1st a telep\u00edt\u00e9s el\u0151tt, hogy biztos\u00edtsa a cs\u00edkok egyenletes elrendez\u00e9s\u00e9t a lapokon.<\/p>\n<\/blockquote>\n<p><iframe title=\"M\u00e1rv\u00e1ny k\u0151\" width=\"800\" height=\"600\" src=\"https:\/\/www.youtube.com\/embed\/fVCiSo_NG1U?feature=oembed\" frameborder=\"0\" allow=\"accelerometer; autoplay; clipboard-write; encrypted-media; gyroscope; picture-in-picture; web-share\" referrerpolicy=\"strict-origin-when-cross-origin\" allowfullscreen><\/iframe><\/p>\n<h4 data-start=\"2195\" data-end=\"2236\"><span style=\"font-size: 14pt;\">3. <strong data-start=\"2201\" data-end=\"2236\">Konyhapultok \u00e9s szigetek<\/strong><\/span><\/h4>\n<p data-start=\"2238\" data-end=\"2440\">A m\u00e1rv\u00e1ny tov\u00e1bbra is a fels\u0151kateg\u00f3ri\u00e1s konyhatervez\u00e9s egyik vezet\u0151 jel\u00f6ltje. Egyedi erezete k\u00f6z\u00e9ppontt\u00e1 teszi a pultr\u00f3l, mik\u00f6zben az anyag <strong data-start=\"2374\" data-end=\"2395\">termikus stabilit\u00e1sa<\/strong> ide\u00e1liss\u00e1 teszi s\u00fct\u00e9shez \u00e9s kulin\u00e1ris el\u0151k\u00e9sz\u00edt\u00e9shez.<\/p>\n<p data-start=\"2442\" data-end=\"2586\">A h\u00e1ztulajdonosok szeretik <strong data-start=\"2458\" data-end=\"2476\">Carrara m\u00e1rv\u00e1nyt<\/strong> finom mint\u00e1ja miatt, m\u00edg a kereskedelmi konyhatervez\u0151k gyakran v\u00e1lasztj\u00e1k <strong data-start=\"2550\" data-end=\"2566\">Danby m\u00e1rv\u00e1nyt<\/strong> strapab\u00edr\u00f3s\u00e1ga miatt.<\/p>\n<p data-start=\"2588\" data-end=\"2672\">Term\u00e9szetesen a rendszeres t\u00f6m\u00edt\u00e9s kulcsfontoss\u00e1g\u00fa, hogy megel\u0151zz\u00fck az etchinget \u00e9s a savas \u00e9telek okozta foltokat.<\/p>\n<div class=\"_tableContainer_16hzy_1\">\n<div class=\"_tableWrapper_16hzy_14 group flex w-fit flex-col-reverse\" tabindex=\"-1\">\n<table class=\"w-fit min-w-(--thread-content-width)\" style=\"height: 120px; width: 100%;\" border=\"1\" data-start=\"2674\" data-end=\"2843\">\n<thead data-start=\"2674\" data-end=\"2695\">\n<tr data-start=\"2674\" data-end=\"2695\">\n<th style=\"width: 51.8425%; text-align: center;\" data-start=\"2674\" data-end=\"2684\" data-col-size=\"sm\">Jellemz\u0151<\/th>\n<th style=\"width: 403.191%; text-align: center;\" data-start=\"2684\" data-end=\"2695\" data-col-size=\"sm\">El\u0151ny<\/th>\n<\/tr>\n<\/thead>\n<tbody data-start=\"2717\" data-end=\"2843\">\n<tr data-start=\"2717\" data-end=\"2759\">\n<td style=\"width: 51.8425%; text-align: center;\" data-start=\"2717\" data-end=\"2732\" data-col-size=\"sm\">H\u0171v\u00f6s fel\u00fclet<\/td>\n<td style=\"width: 403.191%; text-align: center;\" data-col-size=\"sm\" data-start=\"2732\" data-end=\"2759\">T\u00f6k\u00e9letes s\u00fctem\u00e9nyek el\u0151k\u00e9sz\u00edt\u00e9s\u00e9hez<\/td>\n<\/tr>\n<tr data-start=\"2760\" data-end=\"2798\">\n<td style=\"width: 51.8425%; text-align: center;\" data-start=\"2760\" data-end=\"2777\" data-col-size=\"sm\">H\u0151\u00e1ll\u00f3<\/td>\n<td style=\"width: 403.191%; text-align: center;\" data-col-size=\"sm\" data-start=\"2777\" data-end=\"2798\">Biztons\u00e1gos forr\u00f3 ed\u00e9nyekhez<\/td>\n<\/tr>\n<tr data-start=\"2799\" data-end=\"2843\">\n<td style=\"width: 51.8425%; text-align: center;\" data-start=\"2799\" data-end=\"2819\" data-col-size=\"sm\">Term\u00e9szetes v\u00e1ltozatoss\u00e1g<\/td>\n<td style=\"width: 403.191%; text-align: center;\" data-col-size=\"sm\" data-start=\"2819\" data-end=\"2843\">Minden lap egyedi<\/td>\n<\/tr>\n<\/tbody>\n<\/table>\n<div class=\"sticky end-(--thread-content-margin) h-0 self-end select-none\">\n<div class=\"absolute end-0 flex items-end\"><\/div>\n<\/div>\n<\/div>\n<\/div>\n<h4 data-start=\"2850\" data-end=\"2906\"><span style=\"font-size: 14pt;\">4. <strong data-start=\"2856\" data-end=\"2906\">Luxush\u00e1zakban \u00e9s sz\u00e1llod\u00e1kban,<\/strong><\/span><\/h4>\n<p data-start=\"2908\" data-end=\"2979\">m\u00e1rv\u00e1nybor\u00edt\u00e1s\u00fa f\u00fcrd\u0151szob\u00e1k, <strong data-start=\"2936\" data-end=\"2961\">ma m\u00e1r alapvet\u0151.<\/strong> Falra-falra terjed\u0151 m\u00e1rv\u00e1nylapok, lebeg\u0151 \u00e9jjeliszekr\u00e9nyek, faragott mosd\u00f3k \u00e9s m\u00e9g m\u00e1rv\u00e1nyf\u00fcrd\u0151k is egyre n\u00e9pszer\u0171bbek.<\/p>\n<p data-start=\"2981\" data-end=\"3214\">White Volakas. <span style=\"color: #0000ff;\"><a style=\"color: #0000ff;\" href=\"\/hu\/white-marble-in-minimalist-design\/\"><strong data-start=\"3101\" data-end=\"3118\">Grey Tundra<\/strong><\/a><\/span> \u00e9s <strong data-start=\"3123\" data-end=\"3138\">kiv\u00e1l\u00f3ak spa-szer\u0171, organikus \u00e9s b\u0151kez\u0171 hangulat\u00fa terek l\u00e9trehoz\u00e1s\u00e1hoz.<\/strong> Esettanulm\u00e1ny.<\/p>\n<blockquote data-start=\"3216\" data-end=\"3408\">\n<p data-start=\"3218\" data-end=\"3408\">\ud83d\udcca <em data-start=\"3221\" data-end=\"3233\">: 2024-ben egy kyot\u00f3i luxusspa Silver Dragon m\u00e1rv\u00e1nylapokat haszn\u00e1lt LED-es h\u00e1tt\u00e9rvil\u00e1g\u00edt\u00e1ssal, ami 34%-n\u00f6veked\u00e9st hozott a k\u00f6z\u00f6ss\u00e9gi m\u00e9di\u00e1ban eml\u00edtett bejegyz\u00e9sek \u00e9s az \u00fcgyfelek el\u00e9gedetts\u00e9gi pontsz\u00e1mainak tekintet\u00e9ben.<\/em>Tiszt\u00edt\u00e1si tipp.<\/p>\n<\/blockquote>\n<blockquote data-start=\"3410\" data-end=\"3500\">\n<p data-start=\"3412\" data-end=\"3500\">\ud83e\uddfd <em data-start=\"3415\" data-end=\"3429\">: Hossz\u00fa t\u00e1v\u00fa haszn\u00e1lat eset\u00e9n ker\u00fclje a savas tiszt\u00edt\u00f3szereket \u00e9s pH-semleges formul\u00e1kat haszn\u00e1ljon.<\/em>Lebeg\u0151 l\u00e9pcs\u0151k \u00e9s kiemelt l\u00e9pcs\u0151fokok.<\/p>\n<\/blockquote>\n<h4><span style=\"font-size: 14pt;\">5. <strong data-start=\"3513\" data-end=\"3557\">Kevesen tudj\u00e1k olyan j\u00f3l egy l\u00e9pcs\u0151t szoborhat\u00e1s\u00fa elemm\u00e9 var\u00e1zsolni, mint<\/strong><\/span><\/h4>\n<p data-start=\"3559\" data-end=\"3638\">A 80 mm vastag lapokb\u00f3l k\u00e9sz\u00fclt lebeg\u0151 l\u00e9pcs\u0151fokok monolitikus hat\u00e1st keltenek, m\u00edg a nyitott l\u00e9pcs\u0151fokokn\u00e1l <strong data-start=\"3621\" data-end=\"3637\">a m\u00e1rv\u00e1ny<\/strong>.<\/p>\n<p data-start=\"3640\" data-end=\"3829\">ac\u00e9ler\u0151s\u00edt\u00e9s <strong data-start=\"3742\" data-end=\"3765\">hogy fenntarts\u00e1k a teherb\u00edr\u00e1st an\u00e9lk\u00fcl, hogy elvesz\u00edten\u00e9k az eleganci\u00e1t.<\/strong> to maintain load-bearing capacity without sacrificing elegance.<\/p>\n<p data-start=\"3831\" data-end=\"3957\">A modern, minimalista otthonokban a m\u00e1rv\u00e1ny l\u00e9pcs\u0151k kontrasztot teremtenek a fa \u00e9s az \u00fcveg k\u00f6z\u00f6tt, \u00edgy a tranzit tereket l\u00e1tv\u00e1nyos nevezetess\u00e9gekk\u00e9 alak\u00edtj\u00e1k.<\/p>\n<h4 data-start=\"3964\" data-end=\"4015\"><span style=\"font-size: 14pt;\">6. <strong data-start=\"3970\" data-end=\"4015\">K\u00fcls\u0151 homlokzatok \u00e9s f\u00fcgg\u00f6nyfal burkolatok<\/strong><\/span><\/h4>\n<p data-start=\"4017\" data-end=\"4049\">A m\u00e1rv\u00e1ny nemcsak belt\u00e9ri alkalmaz\u00e1sokra alkalmas.<\/p>\n<p data-start=\"4051\" data-end=\"4338\">S\u0171r\u0171 m\u00e1rv\u00e1nyok, mint p\u00e9ld\u00e1ul <strong data-start=\"4070\" data-end=\"4088\">Grigio Carnico<\/strong> \u00e9s <strong data-start=\"4093\" data-end=\"4114\">Travertino Romano<\/strong> a k\u00fcls\u0151 falburkolatokn\u00e1l haszn\u00e1lj\u00e1k, k\u00fcl\u00f6n\u00f6sen a m\u00e9rs\u00e9kelt \u00e9ghajlat\u00fa r\u00e9gi\u00f3kban. Amikor ventil\u00e1lt homlokzati rendszerekkel alkalmazz\u00e1k, <strong data-start=\"4216\" data-end=\"4245\">ventil\u00e1lt homlokzati rendszerekkel<\/strong>, a m\u00e1rv\u00e1ny nemcsak eszt\u00e9tikai \u00e9rt\u00e9ket ny\u00fajt, hanem <strong data-start=\"4292\" data-end=\"4337\">h\u0151szigetel\u00e9st \u00e9s akusztikai csillap\u00edt\u00e1st is biztos\u00edt<\/strong>.<\/p>\n<blockquote data-start=\"4340\" data-end=\"4492\">\n<p data-start=\"4342\" data-end=\"4492\">\ud83c\udfdb <em data-start=\"4345\" data-end=\"4354\">P\u00e9lda<\/em>: A Rij\u00e1d Business Tower homlokzata t\u00f6bb mint 4 000 n\u00e9gyzetm\u00e9ternyi UV-\u00e1ll\u00f3 bevonattal ell\u00e1tott, homokf\u00favott m\u00e1rv\u00e1nylapot haszn\u00e1l a fel\u00fclet elhalv\u00e1nyul\u00e1s\u00e1nak cs\u00f6kkent\u00e9s\u00e9re.<\/p>\n<\/blockquote>\n<figure id=\"attachment_496488\" aria-describedby=\"caption-attachment-496488\" style=\"width: 850px\" class=\"wp-caption alignnone\"><img decoding=\"async\" class=\"wp-image-496488 size-full\" title=\"M\u00e1rv\u00e1ny kandall\u00f3\" src=\"https:\/\/whitemarblegranite.com\/wp-content\/uploads\/2025\/08\/26.png\" alt=\"M\u00e1rv\u00e1ny kandall\u00f3\" width=\"850\" height=\"500\" srcset=\"https:\/\/whitemarblegranite.com\/wp-content\/uploads\/2025\/08\/26.png 850w, https:\/\/whitemarblegranite.com\/wp-content\/uploads\/2025\/08\/26-300x176.png 300w, https:\/\/whitemarblegranite.com\/wp-content\/uploads\/2025\/08\/26-768x452.png 768w, https:\/\/whitemarblegranite.com\/wp-content\/uploads\/2025\/08\/26-18x12.png 18w\" sizes=\"(max-width: 850px) 100vw, 850px\" \/><figcaption id=\"caption-attachment-496488\" class=\"wp-caption-text\"><em>M\u00e1rv\u00e1ny kandall\u00f3<\/em><\/figcaption><\/figure>\n<h4 data-start=\"4499\" data-end=\"4548\"><span style=\"font-size: 14pt;\">7. <strong data-start=\"4505\" data-end=\"4548\">Kandall\u00f3keretek \u00e9s k\u00e9m\u00e9nyk\u00f6penyek<\/strong><\/span><\/h4>\n<p data-start=\"4550\" data-end=\"4667\">A minimalista t\u0171zhelyekt\u0151l a d\u00edszes farag\u00e1sokkal ell\u00e1tott klasszikus k\u00f6penyekig, <span style=\"color: #0000ff;\"><a style=\"color: #0000ff;\" href=\"\/showroom\/white-marble-fireplace-stone-carving-french-and-english-style-fireplaces\/\"><strong data-start=\"4617\" data-end=\"4644\">m\u00e1rv\u00e1ny kandall\u00f3k<\/strong> <\/a><\/span>id\u0151tlen megjelen\u00e9st ny\u00fajtanak.<\/p>\n<p data-start=\"4669\" data-end=\"4900\">Ma a g\u00e1z- \u00e9s elektromos kandall\u00f3kat bevonj\u00e1k <strong data-start=\"4712\" data-end=\"4730\">Fekete Marquina<\/strong>, <strong data-start=\"4732\" data-end=\"4748\">Crema Marfil<\/strong>, vagy <strong data-start=\"4753\" data-end=\"4772\">Green Guatemala<\/strong> luxust hoznak m\u00e9g a kis lak\u00e1sokba is. Ha be\u00e9p\u00edtett t\u00e1rol\u00f3val \u00e9s LED hangulatvil\u00e1g\u00edt\u00e1ssal p\u00e1ros\u00edtj\u00e1k, az eredm\u00e9ny funkcion\u00e1lis m\u0171v\u00e9szet.<\/p>\n<blockquote data-start=\"4902\" data-end=\"5030\">\n<p data-start=\"4904\" data-end=\"5030\">\ud83d\udd25 <em data-start=\"4907\" data-end=\"4920\">Biztons\u00e1gi figyelmeztet\u00e9s<\/em>: Gy\u0151z\u0151dj\u00f6n meg r\u00f3la, hogy a m\u00e1rv\u00e1nyt h\u0151\u00e1ll\u00f3 ragaszt\u00f3val szerelik fel, \u00e9s fontolja meg a h\u0151szigetel\u0151 r\u00e9tegek alkalmaz\u00e1s\u00e1t nagy BTU-s kandall\u00f3kn\u00e1l.<\/p>\n<\/blockquote>\n<h4 data-start=\"5037\" data-end=\"5088\"><span style=\"font-size: 14pt;\">8. <strong data-start=\"5043\" data-end=\"5088\">Oszt\u00e1lyok, d\u00edsz\u00edt\u0151elemek \u00e9s dekorat\u00edv panelek<\/strong><\/span><\/h4>\n<p data-start=\"5090\" data-end=\"5276\">A kort\u00e1rs \u00e9p\u00edt\u00e9szek visszahozz\u00e1k a klasszikus elemeket \u2013 de modern von\u00e1sokkal. V\u00e9kony m\u00e1rv\u00e1nylapokat (10\u201315 mm) v\u00edzsugaras v\u00e1g\u00e1ssal v\u00e1gnak ki <strong data-start=\"5227\" data-end=\"5275\">koszor\u00fak, oszlopok, d\u00edsz\u00edt\u0151 szeg\u00e9lyek \u00e9s 3D falpanelek<\/strong>.<\/p>\n<p data-start=\"5278\" data-end=\"5445\">Ez k\u00fcl\u00f6n\u00f6sen gyakori luxus vill\u00e1kban, m\u0171eml\u00e9k \u00e9p\u00fcletekben \u00e9s butik bemutat\u00f3termekben. <strong data-start=\"5366\" data-end=\"5394\">V\u00edzsugaras \u00e9s CNC v\u00e1g\u00e1s<\/strong> lehet\u0151v\u00e9 teszi a rendk\u00edv\u00fcli r\u00e9szletgazdag\u00edt\u00e1st, mik\u00f6zben cs\u00f6kkenti a hullad\u00e9kot.<\/p>\n<h4 data-start=\"5452\" data-end=\"5504\"><span style=\"font-size: 14pt;\">9. <strong data-start=\"5458\" data-end=\"5504\">B\u00fatorok: asztalok, konzolok \u00e9s be\u00e9p\u00edtettek<\/strong><\/span><\/h4>\n<p data-start=\"5506\" data-end=\"5572\">Az \u00e9p\u00edt\u00e9szeti min\u0151s\u00e9g\u0171 m\u00e1rv\u00e1ny most bel\u00e9p a b\u00fatorok vil\u00e1g\u00e1ba.<\/p>\n<p data-start=\"5574\" data-end=\"5791\">Egyedi \u00e9tkez\u0151asztalok, b\u00e1rpultok \u00e9s m\u00e9g m\u00e1rv\u00e1nybor\u00edt\u00e1s\u00fa \u00e1gyak is divatosak a pr\u00e9mium lak\u00e1sokban \u00e9s sz\u00e1llod\u00e1kban. A vezet\u0151 diz\u00e1jnerek kombin\u00e1lj\u00e1k <strong data-start=\"5705\" data-end=\"5727\">szil\u00e1rd <span style=\"color: #0000ff;\"><a style=\"color: #0000ff;\" href=\"\/hu\/products-category\/marble-stone\/\">m\u00e1rv\u00e1ny<\/a> <\/span>T\u00e1bl\u00e1k<\/strong> f\u00e9mmel, mint a s\u00e1rgar\u00e9z vagy a matt rozsdamentes ac\u00e9l, kontrasztot adva.<\/p>\n<blockquote data-start=\"5793\" data-end=\"5919\">\n<p data-start=\"5795\" data-end=\"5919\">\ud83d\udecb <em data-start=\"5798\" data-end=\"5812\">Diz\u00e1jntrend<\/em>: A \u201clebeg\u0151\u201d m\u00e1rv\u00e1ny mosd\u00f3k \u00e9s oldals\u00f3 szekr\u00e9nyek rejtett r\u00f6gz\u00edt\u00e9sekkel nagyon n\u00e9pszer\u0171ek a 2025-\u00f6s bels\u0151 b\u00fatorok k\u00f6z\u00f6tt.<\/p>\n<\/blockquote>\n<figure id=\"attachment_496489\" aria-describedby=\"caption-attachment-496489\" style=\"width: 850px\" class=\"wp-caption alignnone\"><img decoding=\"async\" class=\"wp-image-496489 size-full\" title=\"M\u00e1rv\u00e1ny asztalok\" src=\"https:\/\/whitemarblegranite.com\/wp-content\/uploads\/2025\/08\/27.png\" alt=\"M\u00e1rv\u00e1ny asztalok\" width=\"850\" height=\"500\" srcset=\"https:\/\/whitemarblegranite.com\/wp-content\/uploads\/2025\/08\/27.png 850w, https:\/\/whitemarblegranite.com\/wp-content\/uploads\/2025\/08\/27-300x176.png 300w, https:\/\/whitemarblegranite.com\/wp-content\/uploads\/2025\/08\/27-768x452.png 768w, https:\/\/whitemarblegranite.com\/wp-content\/uploads\/2025\/08\/27-18x12.png 18w\" sizes=\"(max-width: 850px) 100vw, 850px\" \/><figcaption id=\"caption-attachment-496489\" class=\"wp-caption-text\"><em>M\u00e1rv\u00e1ny asztalok<\/em><\/figcaption><\/figure>\n<h4 data-start=\"5926\" data-end=\"5989\"><span style=\"font-size: 14pt;\">10. <strong data-start=\"5933\" data-end=\"5989\">Kereskedelmi bels\u0151 terek: lift, bemutat\u00f3terem, rep\u00fcl\u0151t\u00e9r<\/strong><\/span><\/h4>\n<p data-start=\"5991\" data-end=\"6071\">A c\u00e9ges k\u00f6rnyezetek felkarolj\u00e1k a m\u00e1rv\u00e1nyt annak <strong data-start=\"6043\" data-end=\"6070\">luxus jelz\u00e9s hat\u00e1sa miatt<\/strong>.<\/p>\n<p data-start=\"6073\" data-end=\"6304\">A m\u00e1rv\u00e1nylapok a liftben, recepci\u00f3pultokon \u00e9s kiskereskedelmi kirakatokban felemelik az \u00fcgyf\u00e9l\u00e9lm\u00e9nyt, mik\u00f6zben jav\u00edtj\u00e1k a m\u00e1rka meg\u00edt\u00e9l\u00e9s\u00e9t. <strong data-start=\"6203\" data-end=\"6227\">Vil\u00e1g\u00edt\u00e1s integr\u00e1l\u00e1sa<\/strong> a m\u00e1rv\u00e1nyfalakban k\u00fcl\u00f6n\u00f6sen n\u00e9pszer\u0171 a tech bemutat\u00f3termekben \u00e9s a z\u00e1szl\u00f3shaj\u00f3 boltokban.<\/p>\n<blockquote data-start=\"6306\" data-end=\"6441\">\n<p data-start=\"6308\" data-end=\"6441\">\ud83d\udcc8 <em data-start=\"6311\" data-end=\"6317\">Statisztika<\/em>: Egy 2023-as Deloitte tanulm\u00e1ny szerint a k\u0151b\u0151l fel\u00faj\u00edtott luxuskiskeresked\u00e9sekben 151%-kal n\u0151tt az egy l\u00e1togat\u00e1sra jut\u00f3 id\u0151.<\/p>\n<\/blockquote>\n<h4 data-start=\"6448\" data-end=\"6493\"><span style=\"font-size: 14pt;\">\u2705 Mi\u00e9rt v\u00e1lasztj\u00e1k m\u00e9g mindig az \u00e9p\u00edt\u00e9szek a m\u00e1rv\u00e1nyt?<\/span><\/h4>\n<div class=\"_tableContainer_16hzy_1\">\n<div class=\"_tableWrapper_16hzy_14 group flex w-fit flex-col-reverse\" tabindex=\"-1\">\n<table class=\"w-fit min-w-(--thread-content-width)\" style=\"height: 120px; width: 100%;\" border=\"1\" data-start=\"6495\" data-end=\"6763\">\n<thead data-start=\"6495\" data-end=\"6515\">\n<tr style=\"height: 24px;\" data-start=\"6495\" data-end=\"6515\">\n<th style=\"width: 50.4369%; text-align: center; height: 24px;\" data-start=\"6495\" data-end=\"6505\" data-col-size=\"sm\">Jellemz\u0151<\/th>\n<th style=\"width: 220.874%; text-align: center; height: 24px;\" data-start=\"6505\" data-end=\"6515\" data-col-size=\"md\">Ok<\/th>\n<\/tr>\n<\/thead>\n<tbody data-start=\"6537\" data-end=\"6763\">\n<tr style=\"height: 24px;\" data-start=\"6537\" data-end=\"6585\">\n<td style=\"width: 50.4369%; text-align: center; height: 24px;\" data-start=\"6537\" data-end=\"6555\" data-col-size=\"sm\">Id\u0151tlen sz\u00e9ps\u00e9g<\/td>\n<td style=\"width: 220.874%; text-align: center; height: 24px;\" data-col-size=\"md\" data-start=\"6555\" data-end=\"6585\">T\u00fal\u00e9l a trendeket \u00e9s st\u00edlusokat<\/td>\n<\/tr>\n<tr style=\"height: 24px;\" data-start=\"6586\" data-end=\"6646\">\n<td style=\"width: 50.4369%; text-align: center; height: 24px;\" data-start=\"6586\" data-end=\"6600\" data-col-size=\"sm\">Fenntarthat\u00f3<\/td>\n<td style=\"width: 220.874%; text-align: center; height: 24px;\" data-col-size=\"md\" data-start=\"6600\" data-end=\"6646\">Hossz\u00fa \u00e9lettartam cs\u00f6kkenti a cser\u00e9re val\u00f3 sz\u00fcks\u00e9gletet<\/td>\n<\/tr>\n<tr style=\"height: 24px;\" data-start=\"6647\" data-end=\"6697\">\n<td style=\"width: 50.4369%; text-align: center; height: 24px;\" data-start=\"6647\" data-end=\"6661\" data-col-size=\"sm\">Preszt\u00edzs<\/td>\n<td style=\"width: 220.874%; text-align: center; height: 24px;\" data-col-size=\"md\" data-start=\"6661\" data-end=\"6697\">N\u00f6veli az ingatlan \u00e9s az \u00fajra\u00e9rt\u00e9kes\u00edt\u00e9s \u00e9rt\u00e9k\u00e9t<\/td>\n<\/tr>\n<tr style=\"height: 24px;\" data-start=\"6698\" data-end=\"6763\">\n<td style=\"width: 50.4369%; text-align: center; height: 24px;\" data-start=\"6698\" data-end=\"6710\" data-col-size=\"sm\">Biophilic<\/td>\n<td style=\"width: 220.874%; text-align: center; height: 24px;\" data-col-size=\"md\" data-start=\"6710\" data-end=\"6763\">A term\u00e9szetes anyag t\u00e1mogatja a wellness-f\u00f3kusz\u00fa tervez\u00e9st<\/td>\n<\/tr>\n<\/tbody>\n<\/table>\n<div class=\"sticky end-(--thread-content-margin) h-0 self-end select-none\">\n<div><\/div>\n<h4 class=\"absolute end-0 flex items-end\"><span style=\"font-size: 14pt;\">\ud83d\ude4b\u200d\u2640\ufe0f Gyakran feltett k\u00e9rd\u00e9sek (FAQ)<\/span><\/h4>\n<\/div>\n<\/div>\n<\/div>\n<p data-start=\"6813\" data-end=\"6948\"><strong data-start=\"6813\" data-end=\"6857\">Haszn\u00e1lhat\u00f3-e m\u00e1rv\u00e1ny hideg kl\u00edm\u00e1ban?<\/strong><br data-start=\"6857\" data-end=\"6860\" \/>Igen, de a k\u00fclt\u00e9ri alkalmaz\u00e1sokhoz s\u0171r\u0171, fagy\u00e1ll\u00f3 m\u00e1rv\u00e1nyt kell haszn\u00e1lni, megfelel\u0151 t\u00f6m\u00edt\u00e9ssel.<\/p>\n<p data-start=\"6950\" data-end=\"7084\"><strong data-start=\"6950\" data-end=\"6985\">Magas karbantart\u00e1si ig\u00e9ny\u0171-e a m\u00e1rv\u00e1ny?<\/strong><br data-start=\"6985\" data-end=\"6988\" \/>Nem felt\u00e9tlen\u00fcl. Rendszeres t\u00f6m\u00edt\u00e9ssel \u00e9s pH-semleges tiszt\u00edt\u00e1ssal kezelhet\u0151 \u00e9s tart\u00f3s.<\/p>\n<p data-start=\"7086\" data-end=\"7236\"><strong data-start=\"7086\" data-end=\"7121\">Mennyire k\u00f6rnyezetbar\u00e1t a m\u00e1rv\u00e1ny?<\/strong><br data-start=\"7121\" data-end=\"7124\" \/>A szintetikus anyagokhoz k\u00e9pest a m\u00e1rv\u00e1ny alacsonyabb karbonl\u00e1bnyommal rendelkezik \u00e9letciklusa sor\u00e1n, \u00e9s teljesen \u00fajrahasznos\u00edthat\u00f3.<\/p>\n<p data-start=\"7238\" data-end=\"7392\"><strong data-start=\"7238\" data-end=\"7288\">\u00d6ssze lehet-e kombin\u00e1lni a m\u00e1rv\u00e1nyt m\u00e1s anyagokkal?<\/strong><br data-start=\"7288\" data-end=\"7291\" \/>Teljesen. A m\u00e1rv\u00e1ny remek\u00fcl passzol a fa, az \u00fcveg, a f\u00e9m \u00e9s a beton mell\u00e9 vegyes anyag\u00fa tervekben.<\/p>\n<figure id=\"attachment_496490\" aria-describedby=\"caption-attachment-496490\" style=\"width: 850px\" class=\"wp-caption alignnone\"><img loading=\"lazy\" decoding=\"async\" class=\"wp-image-496490 size-full\" title=\"Marble Stairs\" src=\"https:\/\/whitemarblegranite.com\/wp-content\/uploads\/2025\/08\/28.png\" alt=\"Marble Stairs\" width=\"850\" height=\"500\" srcset=\"https:\/\/whitemarblegranite.com\/wp-content\/uploads\/2025\/08\/28.png 850w, https:\/\/whitemarblegranite.com\/wp-content\/uploads\/2025\/08\/28-300x176.png 300w, https:\/\/whitemarblegranite.com\/wp-content\/uploads\/2025\/08\/28-768x452.png 768w, https:\/\/whitemarblegranite.com\/wp-content\/uploads\/2025\/08\/28-18x12.png 18w\" sizes=\"(max-width: 850px) 100vw, 850px\" \/><figcaption id=\"caption-attachment-496490\" class=\"wp-caption-text\"><em>Marble Stairs<\/em><\/figcaption><\/figure>\n<h4 data-start=\"7399\" data-end=\"7437\"><span style=\"font-size: 14pt;\">\ud83c\udf93 Expert Quotes\u00a0<\/span><\/h4>\n<blockquote data-start=\"7439\" data-end=\"7647\">\n<p data-start=\"7441\" data-end=\"7647\">\u201cA building\u2019s emotional impact often stems from the materials we touch. Marble delivers that emotion through texture, depth, and authenticity.\u201d<br data-start=\"7584\" data-end=\"7587\" \/>\u2014 <em data-start=\"7591\" data-end=\"7647\">James Corbett, Lead Architect, Scandinavian Form Group<\/em><\/p>\n<\/blockquote>\n<blockquote data-start=\"7649\" data-end=\"7816\">\n<p data-start=\"7651\" data-end=\"7816\">\u201cThe sustainability of marble lies in its longevity. Unlike composites, it doesn\u2019t need replacement every few years.\u201d<br data-start=\"7768\" data-end=\"7771\" \/>\u2014 <em data-start=\"7775\" data-end=\"7816\">Dr. Mei Huang, Materials Scientist, HKU<\/em><\/p>\n<\/blockquote>\n<p data-start=\"7651\" data-end=\"7816\">Whether you\u2019re designing a modern home, a luxury hotel, or a landmark commercial space, <span style=\"color: #0000ff;\"><a style=\"color: #0000ff;\" href=\"\/hu\/products-category\/marble-stone\/\"><strong data-start=\"88\" data-end=\"104\">a m\u00e1rv\u00e1ny<\/strong> <\/a><\/span>offers unmatched elegance, durability, and design flexibility. Its applications are as timeless as they are versatile \u2014 making it a top choice for architects around the world. Embrace the beauty of marble in your next project.<\/p>","protected":false},"excerpt":{"rendered":"<p>In today\u2019s architectural landscape, marble stone is no longer just a luxury symbol \u2014 it\u2019s a dynamic building material that fuses timeless beauty with cutting-edge functionality. Its presence in modern design is not coincidental; it&#8217;s intentional, calculated, and based on centuries of trust. This article explores the top 10 ways architects and designers use marble [&hellip;]<\/p>\n","protected":false},"author":6,"featured_media":496487,"comment_status":"open","ping_status":"open","sticky":false,"template":"","format":"standard","meta":{"_acf_changed":false,"footnotes":""},"categories":[24],"tags":[31889,31888,31885,31572,31873,31891,31732,31890,31887,31886],"class_list":["post-496484","post","type-post","status-publish","format-standard","has-post-thumbnail","hentry","category-knowledge","tag-architectural-marble","tag-luxury-marble","tag-marble-applications","tag-marble-countertops","tag-marble-flooring","tag-marble-for-commercial-projects","tag-marble-stone","tag-marble-stone-furniture","tag-marble-wall-design","tag-modern-architecture"],"acf":[],"_links":{"self":[{"href":"https:\/\/whitemarblegranite.com\/hu\/wp-json\/wp\/v2\/posts\/496484","targetHints":{"allow":["GET"]}}],"collection":[{"href":"https:\/\/whitemarblegranite.com\/hu\/wp-json\/wp\/v2\/posts"}],"about":[{"href":"https:\/\/whitemarblegranite.com\/hu\/wp-json\/wp\/v2\/types\/post"}],"author":[{"embeddable":true,"href":"https:\/\/whitemarblegranite.com\/hu\/wp-json\/wp\/v2\/users\/6"}],"replies":[{"embeddable":true,"href":"https:\/\/whitemarblegranite.com\/hu\/wp-json\/wp\/v2\/comments?post=496484"}],"version-history":[{"count":0,"href":"https:\/\/whitemarblegranite.com\/hu\/wp-json\/wp\/v2\/posts\/496484\/revisions"}],"wp:featuredmedia":[{"embeddable":true,"href":"https:\/\/whitemarblegranite.com\/hu\/wp-json\/wp\/v2\/media\/496487"}],"wp:attachment":[{"href":"https:\/\/whitemarblegranite.com\/hu\/wp-json\/wp\/v2\/media?parent=496484"}],"wp:term":[{"taxonomy":"category","embeddable":true,"href":"https:\/\/whitemarblegranite.com\/hu\/wp-json\/wp\/v2\/categories?post=496484"},{"taxonomy":"post_tag","embeddable":true,"href":"https:\/\/whitemarblegranite.com\/hu\/wp-json\/wp\/v2\/tags?post=496484"}],"curies":[{"name":"wp","href":"https:\/\/api.w.org\/{rel}","templated":true}]}}